{"id":3309,"date":"2023-07-06T08:51:18","date_gmt":"2023-07-06T08:51:18","guid":{"rendered":"https:\/\/canpamplona.com\/?p=3309"},"modified":"2025-12-04T08:21:27","modified_gmt":"2025-12-04T08:21:27","slug":"que-hacer-en-vic","status":"publish","type":"post","link":"https:\/\/canpamplona.com\/ca\/que-hacer-en-vic\/","title":{"rendered":"Qu\u00e8 fer a Vic"},"content":{"rendered":"<div data-elementor-type=\"wp-post\" data-elementor-id=\"3309\" class=\"elementor elementor-3309\" data-elementor-post-type=\"post\">\n\t\t\t\t\t\t<section class=\"elementor-section elementor-top-section elementor-element elementor-element-4e8ce16 elementor-section-boxed elementor-section-height-default elementor-section-height-default\" data-id=\"4e8ce16\" data-element_type=\"section\" data-e-type=\"section\">\n\t\t\t\t\t\t<div class=\"elementor-container elementor-column-gap-default\">\n\t\t\t\t\t<div class=\"elementor-column elementor-col-100 elementor-top-column elementor-element elementor-element-d9b9805\" data-id=\"d9b9805\" data-element_type=\"column\" data-e-type=\"column\">\n\t\t\t<div class=\"elementor-widget-wrap elementor-element-populated\">\n\t\t\t\t\t\t<div class=\"elementor-element elementor-element-39eba18 elementor-widget elementor-widget-heading\" data-id=\"39eba18\" data-element_type=\"widget\" data-e-type=\"widget\" data-widget_type=\"heading.default\">\n\t\t\t\t<div class=\"elementor-widget-container\">\n\t\t\t\t\t<h1 class=\"elementor-heading-title elementor-size-default\">Qu\u00e8 fer a Vic<\/h1>\t\t\t\t<\/div>\n\t\t\t\t<\/div>\n\t\t\t\t<div class=\"elementor-element elementor-element-56d185d elementor-widget elementor-widget-text-editor\" data-id=\"56d185d\" data-element_type=\"widget\" data-e-type=\"widget\" data-widget_type=\"text-editor.default\">\n\t\t\t\t<div class=\"elementor-widget-container\">\n\t\t\t\t\t\t\t\t\t<p><span style=\"font-weight: 400;\">Tots gaudim de les nostres vacances de diferents maneres. Uns van pel costat m\u00e9s cultural, visitant <\/span><b>museus i temples<\/b><span style=\"font-weight: 400;\">. Altres prefereixen el plaer de connectar amb altres persones a <\/span><b>fires o esdeveniments<\/b><span style=\"font-weight: 400;\">. Mentre que alguns nom\u00e9s volen estar en contacte amb la natura, ja sigui per desconnectar i relaxar-se amb les vistes o per deixar anar adrenalina practicant algun <\/span><b>esport a l&#039;aire lliure<\/b><span style=\"font-weight: 400;\">. I \u00e9s aqu\u00ed on entra la ciutat de<\/span><b> Vic<\/b><span style=\"font-weight: 400;\">, ja que t\u00e9 una mica de tot per a cada persona. Estructures del rom\u00e0nic, rutes naturals, multitud de fires i, \u00e9s clar, una gastronomia local famosa. \u00c9s el <\/span><b>lloc perfecte<\/b><span style=\"font-weight: 400;\"> per a unes <\/span><b>vacances<\/b><span style=\"font-weight: 400;\">, o per a aquesta <\/span><b>escapada<\/b><span style=\"font-weight: 400;\"> que tant et mereixes. <\/span><\/p><p><span style=\"font-weight: 400;\">Per descomptat, necessitar\u00e0s algun lloc on descansar i planejar el que vindr\u00e0 al dia seg\u00fcent. Per sort, el <\/span><a href=\"https:\/\/canpamplona.com\/ca\/\"><b>Hotel Can Pamplona<\/b><\/a><span style=\"font-weight: 400;\"> \u00e9s perfecte per a aquest treball. Gr\u00e0cies al seu estil \u00fanic i elegant, ia la seva oferta d&#039;esmorzar + allotjament, us sentireu com a casa.<\/span><\/p><p><span style=\"font-weight: 400;\">Al bloc d&#039;avui, descobrirem el que podem fer a Vic per gaudir de les nostres vacances al m\u00e0xim.<\/span><\/p>\t\t\t\t\t\t\t\t<\/div>\n\t\t\t\t<\/div>\n\t\t\t\t\t<\/div>\n\t\t<\/div>\n\t\t\t\t\t<\/div>\n\t\t<\/section>\n\t\t\t\t<section class=\"elementor-section elementor-top-section elementor-element elementor-element-b3b3889 elementor-section-boxed elementor-section-height-default elementor-section-height-default\" data-id=\"b3b3889\" data-element_type=\"section\" data-e-type=\"section\">\n\t\t\t\t\t\t<div class=\"elementor-container elementor-column-gap-default\">\n\t\t\t\t\t<div class=\"elementor-column elementor-col-100 elementor-top-column elementor-element elementor-element-b47560a\" data-id=\"b47560a\" data-element_type=\"column\" data-e-type=\"column\">\n\t\t\t<div class=\"elementor-widget-wrap elementor-element-populated\">\n\t\t\t\t\t\t<div class=\"elementor-element elementor-element-2466861 elementor-widget elementor-widget-heading\" data-id=\"2466861\" data-element_type=\"widget\" data-e-type=\"widget\" data-widget_type=\"heading.default\">\n\t\t\t\t<div class=\"elementor-widget-container\">\n\t\t\t\t\t<h2 class=\"elementor-heading-title elementor-size-default\">Turisme Cultural<\/h2>\t\t\t\t<\/div>\n\t\t\t\t<\/div>\n\t\t\t\t<section class=\"elementor-section elementor-inner-section elementor-element elementor-element-b24783c elementor-section-boxed elementor-section-height-default elementor-section-height-default\" data-id=\"b24783c\" data-element_type=\"section\" data-e-type=\"section\">\n\t\t\t\t\t\t<div class=\"elementor-container elementor-column-gap-default\">\n\t\t\t\t\t<div class=\"elementor-column elementor-col-50 elementor-inner-column elementor-element elementor-element-bf01f40\" data-id=\"bf01f40\" data-element_type=\"column\" data-e-type=\"column\">\n\t\t\t<div class=\"elementor-widget-wrap elementor-element-populated\">\n\t\t\t\t\t\t<div class=\"elementor-element elementor-element-e2bcd07 elementor-widget elementor-widget-text-editor\" data-id=\"e2bcd07\" data-element_type=\"widget\" data-e-type=\"widget\" data-widget_type=\"text-editor.default\">\n\t\t\t\t<div class=\"elementor-widget-container\">\n\t\t\t\t\t\t\t\t\t<p><span style=\"font-weight: 400;\">Vic est\u00e0 plena de diversos <\/span><b>museus, edificis i estructures del rom\u00e0nic<\/b><span style=\"font-weight: 400;\"> que ens permetran con\u00e8ixer el passat i la hist\u00f2ria de tant el nostre pa\u00eds com aquesta bonica ciutat. Alguns dels m\u00e9s destacats, tant pels turistes com pels locals, s\u00f3n:<\/span><\/p><ul><li style=\"font-weight: 400;\" aria-level=\"1\"><b>El Museu Episcopal:<\/b><span style=\"font-weight: 400;\"> Cont\u00e9 una de les col\u00b7leccions m\u00e9s importants d\u00b4art medieval de tot Europa. Consta d&#039;un total de <\/span><b>29.000 peces<\/b><span style=\"font-weight: 400;\">, de les quals destaquen les seves pintures i escultures, tant g\u00f2tiques com rom\u00e0niques.\u00a0<\/span><\/li><li style=\"font-weight: 400;\" aria-level=\"1\"><b>La Pla\u00e7a Major<\/b><span style=\"font-weight: 400;\">: Tamb\u00e9 coneguda com a Mercadal. Porta sent usada com a lloc de mercat des de l&#039;Edat Mitjana fins avui. A m\u00e9s, s&#039;hi celebren m\u00faltiples <\/span><b>fires i festivals<\/b><span style=\"font-weight: 400;\">.<\/span><\/li><li style=\"font-weight: 400;\" aria-level=\"1\"><b>El Temple Rom\u00e0<\/b><span style=\"font-weight: 400;\">: Data del <\/span><b>segle I<\/b><span style=\"font-weight: 400;\">, per\u00f2 no va ser descobert fins a 1882, at\u00e8s que en aquest lloc es trobava abans el <\/span><b>castell de Montcada<\/b><span style=\"font-weight: 400;\">. Les parets de l&#039;actual temple formaven el pati interior.<\/span><\/li><li><b>La Catedral de Vic<\/b><span style=\"font-weight: 400;\">: Origin\u00e0ria del segle XI. Encara conserva la seva <\/span><b>campanar<\/b><span style=\"font-weight: 400;\">, el qual \u00e9s el m\u00e9s alt de Catalunya de <\/span><b>estil rom\u00e0nic<\/b><span style=\"font-weight: 400;\">, encara que el claustre s&#039;acosta m\u00e9s al g\u00f2tic.<\/span><\/li><\/ul><p><span style=\"font-weight: 400;\">I aquests s\u00f3n nom\u00e9s alguns. En aquesta extensa llista de meravelles de l&#039;antic tamb\u00e9 haur\u00edem d&#039;afegir l&#039;ajuntament, l&#039;antiga muralla del segle XIV, el pont medieval de Queralt, les adoberies, etc. <\/span><\/p>\t\t\t\t\t\t\t\t<\/div>\n\t\t\t\t<\/div>\n\t\t\t\t\t<\/div>\n\t\t<\/div>\n\t\t\t\t<div class=\"elementor-column elementor-col-50 elementor-inner-column elementor-element elementor-element-90b8199\" data-id=\"90b8199\" data-element_type=\"column\" data-e-type=\"column\">\n\t\t\t<div class=\"elementor-widget-wrap elementor-element-populated\">\n\t\t\t\t\t\t<div class=\"elementor-element elementor-element-cd6883a elementor-widget elementor-widget-image\" data-id=\"cd6883a\" data-element_type=\"widget\" data-e-type=\"widget\" data-widget_type=\"image.default\">\n\t\t\t\t<div class=\"elementor-widget-container\">\n\t\t\t\t\t\t\t\t\t\t\t\t\t\t\t<img loading=\"lazy\" decoding=\"async\" width=\"512\" height=\"310\" src=\"https:\/\/canpamplona.com\/wp-content\/uploads\/2023\/07\/que-hacer-en-vic.jpg\" class=\"attachment-large size-large wp-image-3311\" alt=\"\" srcset=\"https:\/\/canpamplona.com\/wp-content\/uploads\/2023\/07\/que-hacer-en-vic.jpg 512w, https:\/\/canpamplona.com\/wp-content\/uploads\/2023\/07\/que-hacer-en-vic-300x182.jpg 300w, https:\/\/canpamplona.com\/wp-content\/uploads\/2023\/07\/que-hacer-en-vic-18x12.jpg 18w\" sizes=\"auto, (max-width: 512px) 100vw, 512px\" data-test=\"on\" \/>\t\t\t\t\t\t\t\t\t\t\t\t\t\t\t<\/div>\n\t\t\t\t<\/div>\n\t\t\t\t<div class=\"elementor-element elementor-element-b3e5b89 elementor-widget elementor-widget-image\" data-id=\"b3e5b89\" data-element_type=\"widget\" data-e-type=\"widget\" data-widget_type=\"image.default\">\n\t\t\t\t<div class=\"elementor-widget-container\">\n\t\t\t\t\t\t\t\t\t\t\t\t\t\t\t<img loading=\"lazy\" decoding=\"async\" width=\"612\" height=\"408\" src=\"https:\/\/canpamplona.com\/wp-content\/uploads\/2023\/07\/plaza-mayor-vic.jpg\" class=\"attachment-large size-large wp-image-3313\" alt=\"pla\u00e7a major de vic\" srcset=\"https:\/\/canpamplona.com\/wp-content\/uploads\/2023\/07\/plaza-mayor-vic.jpg 612w, https:\/\/canpamplona.com\/wp-content\/uploads\/2023\/07\/plaza-mayor-vic-300x200.jpg 300w, https:\/\/canpamplona.com\/wp-content\/uploads\/2023\/07\/plaza-mayor-vic-18x12.jpg 18w, https:\/\/canpamplona.com\/wp-content\/uploads\/2023\/07\/plaza-mayor-vic-600x400.jpg 600w\" sizes=\"auto, (max-width: 612px) 100vw, 612px\" data-test=\"on\" \/>\t\t\t\t\t\t\t\t\t\t\t\t\t\t\t<\/div>\n\t\t\t\t<\/div>\n\t\t\t\t\t<\/div>\n\t\t<\/div>\n\t\t\t\t\t<\/div>\n\t\t<\/section>\n\t\t\t\t\t<\/div>\n\t\t<\/div>\n\t\t\t\t\t<\/div>\n\t\t<\/section>\n\t\t\t\t<section class=\"elementor-section elementor-top-section elementor-element elementor-element-b194b4a elementor-section-boxed elementor-section-height-default elementor-section-height-default\" data-id=\"b194b4a\" data-element_type=\"section\" data-e-type=\"section\">\n\t\t\t\t\t\t<div class=\"elementor-container elementor-column-gap-default\">\n\t\t\t\t\t<div class=\"elementor-column elementor-col-50 elementor-top-column elementor-element elementor-element-a90b799\" data-id=\"a90b799\" data-element_type=\"column\" data-e-type=\"column\">\n\t\t\t<div class=\"elementor-widget-wrap elementor-element-populated\">\n\t\t\t\t\t\t<div class=\"elementor-element elementor-element-a24d799 elementor-widget elementor-widget-image\" data-id=\"a24d799\" data-element_type=\"widget\" data-e-type=\"widget\" data-widget_type=\"image.default\">\n\t\t\t\t<div class=\"elementor-widget-container\">\n\t\t\t\t\t\t\t\t\t\t\t\t\t\t\t<img loading=\"lazy\" decoding=\"async\" width=\"512\" height=\"341\" src=\"https:\/\/canpamplona.com\/wp-content\/uploads\/2023\/07\/actividades-aire-libre-en-vic.jpg\" class=\"attachment-large size-large wp-image-3314\" alt=\"\" srcset=\"https:\/\/canpamplona.com\/wp-content\/uploads\/2023\/07\/actividades-aire-libre-en-vic.jpg 512w, https:\/\/canpamplona.com\/wp-content\/uploads\/2023\/07\/actividades-aire-libre-en-vic-300x200.jpg 300w, https:\/\/canpamplona.com\/wp-content\/uploads\/2023\/07\/actividades-aire-libre-en-vic-18x12.jpg 18w\" sizes=\"auto, (max-width: 512px) 100vw, 512px\" data-test=\"on\" \/>\t\t\t\t\t\t\t\t\t\t\t\t\t\t\t<\/div>\n\t\t\t\t<\/div>\n\t\t\t\t\t<\/div>\n\t\t<\/div>\n\t\t\t\t<div class=\"elementor-column elementor-col-50 elementor-top-column elementor-element elementor-element-e22e6d8\" data-id=\"e22e6d8\" data-element_type=\"column\" data-e-type=\"column\">\n\t\t\t<div class=\"elementor-widget-wrap elementor-element-populated\">\n\t\t\t\t\t\t<div class=\"elementor-element elementor-element-eaa7da9 elementor-widget elementor-widget-heading\" data-id=\"eaa7da9\" data-element_type=\"widget\" data-e-type=\"widget\" data-widget_type=\"heading.default\">\n\t\t\t\t<div class=\"elementor-widget-container\">\n\t\t\t\t\t<h2 class=\"elementor-heading-title elementor-size-default\">Activitats a l&#039;aire lliure a Vic<\/h2>\t\t\t\t<\/div>\n\t\t\t\t<\/div>\n\t\t\t\t<div class=\"elementor-element elementor-element-b3fe6aa elementor-widget elementor-widget-text-editor\" data-id=\"b3fe6aa\" data-element_type=\"widget\" data-e-type=\"widget\" data-widget_type=\"text-editor.default\">\n\t\t\t\t<div class=\"elementor-widget-container\">\n\t\t\t\t\t\t\t\t\t<p><span style=\"font-weight: 400;\">Els aficionats al <\/span><b>esport<\/b><span style=\"font-weight: 400;\"> ia la <\/span><b>naturalesa<\/b><span style=\"font-weight: 400;\"> estan de sort, ja que Vic compta amb diverses rutes, senders i activitats a l&#039;aire lliure que podeu fer per gaudir dels seus entorns m\u00e9s naturals i descobrir els seus racons m\u00e9s verds.<\/span><\/p><p><br \/><span style=\"font-weight: 400;\">Podem explorar aquest meravell\u00f3s entorn de <\/span><b>m\u00faltiples maneres<\/b><span style=\"font-weight: 400;\">, ja sigui a peu, amb bicicleta de muntanya (BTT), amb quads, a cavall, etc. Per\u00f2 no tot \u00e9s anar per terra. Tamb\u00e9 es podr\u00e0 gaudir d&#039;activitats aqu\u00e0tiques com la piragua o, si preferim les altures, agafar un vol en globus per la comarca. <\/span><\/p>\t\t\t\t\t\t\t\t<\/div>\n\t\t\t\t<\/div>\n\t\t\t\t\t<\/div>\n\t\t<\/div>\n\t\t\t\t\t<\/div>\n\t\t<\/section>\n\t\t\t\t<section class=\"elementor-section elementor-top-section elementor-element elementor-element-eadb1b2 elementor-section-boxed elementor-section-height-default elementor-section-height-default\" data-id=\"eadb1b2\" data-element_type=\"section\" data-e-type=\"section\">\n\t\t\t\t\t\t<div class=\"elementor-container elementor-column-gap-default\">\n\t\t\t\t\t<div class=\"elementor-column elementor-col-50 elementor-top-column elementor-element elementor-element-cb3b702\" data-id=\"cb3b702\" data-element_type=\"column\" data-e-type=\"column\">\n\t\t\t<div class=\"elementor-widget-wrap elementor-element-populated\">\n\t\t\t\t\t\t<div class=\"elementor-element elementor-element-fe0230e elementor-widget elementor-widget-heading\" data-id=\"fe0230e\" data-element_type=\"widget\" data-e-type=\"widget\" data-widget_type=\"heading.default\">\n\t\t\t\t<div class=\"elementor-widget-container\">\n\t\t\t\t\t<h2 class=\"elementor-heading-title elementor-size-default\">Fires i Mercats a Vic<\/h2>\t\t\t\t<\/div>\n\t\t\t\t<\/div>\n\t\t\t\t<div class=\"elementor-element elementor-element-c591ecc elementor-widget elementor-widget-text-editor\" data-id=\"c591ecc\" data-element_type=\"widget\" data-e-type=\"widget\" data-widget_type=\"text-editor.default\">\n\t\t\t\t<div class=\"elementor-widget-container\">\n\t\t\t\t\t\t\t\t\t<p><span style=\"font-weight: 400;\">Al llarg de l&#039;any, Vic s&#039;omple de vida gr\u00e0cies a tots els <\/span><b>mercats i fires<\/b><span style=\"font-weight: 400;\">, que criden l&#039;atenci\u00f3 tant de turistes com de la gent de la localitat. La gran majoria d&#039;aquests solen tenir lloc a la <\/span><b>Pla\u00e7a Major<\/b><span style=\"font-weight: 400;\">, on tots els dimarts i dissabtes passa el tradicional mercat setmanal.\u00a0<\/span><\/p><p><span style=\"font-weight: 400;\">Pel que fa a fires i espectacles, alguns exemples dels m\u00e9s populars poden ser:\u00a0<\/span><\/p><ul><li style=\"font-weight: 400;\" aria-level=\"1\"><b>El Mercat del Ram<\/b><span style=\"font-weight: 400;\">: perfecte per al <\/span><b>turisme gastron\u00f2mic<\/b><span style=\"font-weight: 400;\"> gr\u00e0cies a tots els productes artesans.<\/span><\/li><li style=\"font-weight: 400;\" aria-level=\"1\"><b>El Mercat de M\u00fasica Viva<\/b><span style=\"font-weight: 400;\">: on es pot gaudir de tot tipus de <\/span><b>m\u00fasica i concerts<\/b><span style=\"font-weight: 400;\">.<\/span><\/li><\/ul><p><b>Mercat Medieval<\/b><span style=\"font-weight: 400;\">: on trobarem una \u00e0mplia i variada oferta de menjar, <\/span><b>espectacles pel carrer<\/b><span style=\"font-weight: 400;\"> i tot tipus de <\/span><b>m\u00fasica, balls<\/b><span style=\"font-weight: 400;\">, recreacions d&#039;oficis i activitats infantils. <\/span><\/p>\t\t\t\t\t\t\t\t<\/div>\n\t\t\t\t<\/div>\n\t\t\t\t\t<\/div>\n\t\t<\/div>\n\t\t\t\t<div class=\"elementor-column elementor-col-50 elementor-top-column elementor-element elementor-element-f74d4fa\" data-id=\"f74d4fa\" data-element_type=\"column\" data-e-type=\"column\">\n\t\t\t<div class=\"elementor-widget-wrap elementor-element-populated\">\n\t\t\t\t\t\t<div class=\"elementor-element elementor-element-adfedaa elementor-widget elementor-widget-image\" data-id=\"adfedaa\" data-element_type=\"widget\" data-e-type=\"widget\" data-widget_type=\"image.default\">\n\t\t\t\t<div class=\"elementor-widget-container\">\n\t\t\t\t\t\t\t\t\t\t\t\t\t\t\t<img loading=\"lazy\" decoding=\"async\" width=\"512\" height=\"341\" src=\"https:\/\/canpamplona.com\/wp-content\/uploads\/2023\/07\/ferias-y-mercados-en-vic.jpg\" class=\"attachment-large size-large wp-image-3315\" alt=\"\" srcset=\"https:\/\/canpamplona.com\/wp-content\/uploads\/2023\/07\/ferias-y-mercados-en-vic.jpg 512w, https:\/\/canpamplona.com\/wp-content\/uploads\/2023\/07\/ferias-y-mercados-en-vic-300x200.jpg 300w, https:\/\/canpamplona.com\/wp-content\/uploads\/2023\/07\/ferias-y-mercados-en-vic-18x12.jpg 18w\" sizes=\"auto, (max-width: 512px) 100vw, 512px\" data-test=\"on\" \/>\t\t\t\t\t\t\t\t\t\t\t\t\t\t\t<\/div>\n\t\t\t\t<\/div>\n\t\t\t\t\t<\/div>\n\t\t<\/div>\n\t\t\t\t\t<\/div>\n\t\t<\/section>\n\t\t\t\t<section class=\"elementor-section elementor-top-section elementor-element elementor-element-ef93274 elementor-section-boxed elementor-section-height-default elementor-section-height-default\" data-id=\"ef93274\" data-element_type=\"section\" data-e-type=\"section\">\n\t\t\t\t\t\t<div class=\"elementor-container elementor-column-gap-default\">\n\t\t\t\t\t<div class=\"elementor-column elementor-col-50 elementor-top-column elementor-element elementor-element-e8ac5b5\" data-id=\"e8ac5b5\" data-element_type=\"column\" data-e-type=\"column\">\n\t\t\t<div class=\"elementor-widget-wrap elementor-element-populated\">\n\t\t\t\t\t\t<div class=\"elementor-element elementor-element-275118c elementor-widget elementor-widget-image\" data-id=\"275118c\" data-element_type=\"widget\" data-e-type=\"widget\" data-widget_type=\"image.default\">\n\t\t\t\t<div class=\"elementor-widget-container\">\n\t\t\t\t\t\t\t\t\t\t\t\t\t\t\t<img loading=\"lazy\" decoding=\"async\" width=\"512\" height=\"383\" src=\"https:\/\/canpamplona.com\/wp-content\/uploads\/2023\/07\/Salchichon-de-Vic.jpg\" class=\"attachment-large size-large wp-image-3316\" alt=\"\" srcset=\"https:\/\/canpamplona.com\/wp-content\/uploads\/2023\/07\/Salchichon-de-Vic.jpg 512w, https:\/\/canpamplona.com\/wp-content\/uploads\/2023\/07\/Salchichon-de-Vic-300x224.jpg 300w, https:\/\/canpamplona.com\/wp-content\/uploads\/2023\/07\/Salchichon-de-Vic-16x12.jpg 16w\" sizes=\"auto, (max-width: 512px) 100vw, 512px\" data-test=\"on\" \/>\t\t\t\t\t\t\t\t\t\t\t\t\t\t\t<\/div>\n\t\t\t\t<\/div>\n\t\t\t\t\t<\/div>\n\t\t<\/div>\n\t\t\t\t<div class=\"elementor-column elementor-col-50 elementor-top-column elementor-element elementor-element-54b54f5\" data-id=\"54b54f5\" data-element_type=\"column\" data-e-type=\"column\">\n\t\t\t<div class=\"elementor-widget-wrap elementor-element-populated\">\n\t\t\t\t\t\t<div class=\"elementor-element elementor-element-1d904b6 elementor-widget elementor-widget-heading\" data-id=\"1d904b6\" data-element_type=\"widget\" data-e-type=\"widget\" data-widget_type=\"heading.default\">\n\t\t\t\t<div class=\"elementor-widget-container\">\n\t\t\t\t\t<h2 class=\"elementor-heading-title elementor-size-default\">Llonganissa de Vic, producte amb IGP<\/h2>\t\t\t\t<\/div>\n\t\t\t\t<\/div>\n\t\t\t\t<div class=\"elementor-element elementor-element-e558a66 elementor-widget elementor-widget-text-editor\" data-id=\"e558a66\" data-element_type=\"widget\" data-e-type=\"widget\" data-widget_type=\"text-editor.default\">\n\t\t\t\t<div class=\"elementor-widget-container\">\n\t\t\t\t\t\t\t\t\t<p><span style=\"font-weight: 400;\">Una de les coses que fan a Vic famosa s\u00f3n els seus embotits, especialment el <\/span><b>llonganissa de Vic<\/b><span style=\"font-weight: 400;\">, tamb\u00e9 cridat en catal\u00e0 <\/span><i><span style=\"font-weight: 400;\">Llonganissa de Vic<\/span><\/i><span style=\"font-weight: 400;\">. Tal \u00e9s la fama que va arribar a tenir m\u00e9s de <\/span><b>30 f\u00e0briques d&#039;embotits<\/b><span style=\"font-weight: 400;\"> als interiors de la ciutat. De fet, la llonganissa de Vic compta amb la Indicaci\u00f3 Geogr\u00e0fica Protegida (<\/span><b>IGP<\/b><span style=\"font-weight: 400;\">).<\/span><\/p><p><span style=\"font-weight: 400;\">Podrem gaudir tant d&#039;ell com de la variada gastronomia local als mercats de la <\/span><b>Pla\u00e7a Major<\/b><span style=\"font-weight: 400;\">, oa les botigues que trobarem per tot el municipi.<\/span><\/p>\t\t\t\t\t\t\t\t<\/div>\n\t\t\t\t<\/div>\n\t\t\t\t\t<\/div>\n\t\t<\/div>\n\t\t\t\t\t<\/div>\n\t\t<\/section>\n\t\t\t\t<section class=\"elementor-section elementor-top-section elementor-element elementor-element-12612cf elementor-section-boxed elementor-section-height-default elementor-section-height-default\" data-id=\"12612cf\" data-element_type=\"section\" data-e-type=\"section\">\n\t\t\t\t\t\t<div class=\"elementor-container elementor-column-gap-default\">\n\t\t\t\t\t<div class=\"elementor-column elementor-col-100 elementor-top-column elementor-element elementor-element-b7a4f10\" data-id=\"b7a4f10\" data-element_type=\"column\" data-e-type=\"column\">\n\t\t\t<div class=\"elementor-widget-wrap elementor-element-populated\">\n\t\t\t\t\t\t<div class=\"elementor-element elementor-element-ef39113 elementor-widget elementor-widget-text-editor\" data-id=\"ef39113\" data-element_type=\"widget\" data-e-type=\"widget\" data-widget_type=\"text-editor.default\">\n\t\t\t\t<div class=\"elementor-widget-container\">\n\t\t\t\t\t\t\t\t\t<p><span style=\"font-weight: 400;\">Sens dubte, Vic t\u00e9 tot all\u00f2 que unes bones vacances poden demanar. Hist\u00f2ria, activitats en contacte amb la natura, bona gastronomia i multitud de mercats i fires per passar-ho d&#039;all\u00f2 m\u00e9s b\u00e9. Nom\u00e9s has de triar la <\/span><a href=\"https:\/\/canpamplona.com\/ca\/habitaciones-hotel-centro-vic\/\"><b>habitaci\u00f3<\/b><\/a><span style=\"font-weight: 400;\"> que m\u00e9s us agradi de l&#039;Hotel Can Pamplona i gaudir de tot el que Vic ha d&#039;oferir!<\/span><\/p>\t\t\t\t\t\t\t\t<\/div>\n\t\t\t\t<\/div>\n\t\t\t\t\t<\/div>\n\t\t<\/div>\n\t\t\t\t\t<\/div>\n\t\t<\/section>\n\t\t\t\t<\/div>","protected":false},"excerpt":{"rendered":"<p>Qu\u00e9 hacer en Vic Todos disfrutamos de nuestras vacaciones de diferentes maneras. Unos van por el lado m\u00e1s cultural, visitando museos y templos. Otros prefieren el placer de conectar con otras personas en ferias o eventos. Mientras que algunos solo quieren estar en contacto con la naturaleza, ya sea para desconectar y relajarse con las [&hellip;]<\/p>\n","protected":false},"author":2,"featured_media":3313,"comment_status":"closed","ping_status":"closed","sticky":false,"template":"","format":"standard","meta":{"site-sidebar-layout":"default","site-content-layout":"","ast-site-content-layout":"default","site-content-style":"default","site-sidebar-style":"default","ast-global-header-display":"","ast-banner-title-visibility":"","ast-main-header-display":"","ast-hfb-above-header-display":"","ast-hfb-below-header-display":"","ast-hfb-mobile-header-display":"","site-post-title":"disabled","ast-breadcrumbs-content":"","ast-featured-img":"disabled","footer-sml-layout":"","theme-transparent-header-meta":"","adv-header-id-meta":"","stick-header-meta":"","header-above-stick-meta":"","header-main-stick-meta":"","header-below-stick-meta":"","astra-migrate-meta-layouts":"set","ast-page-background-enabled":"default","ast-page-background-meta":{"desktop":{"background-color":"","background-image":"","background-repeat":"repeat","background-position":"center center","background-size":"auto","background-attachment":"scroll","background-type":"","background-media":"","overlay-type":"","overlay-color":"","overlay-gradient":""},"tablet":{"background-color":"","background-image":"","background-repeat":"repeat","background-position":"center center","background-size":"auto","background-attachment":"scroll","background-type":"","background-media":"","overlay-type":"","overlay-color":"","overlay-gradient":""},"mobile":{"background-color":"","background-image":"","background-repeat":"repeat","background-position":"center center","background-size":"auto","background-attachment":"scroll","background-type":"","background-media":"","overlay-type":"","overlay-color":"","overlay-gradient":""}},"ast-content-background-meta":{"desktop":{"background-color":"var(--ast-global-color-5)","background-image":"","background-repeat":"repeat","background-position":"center center","background-size":"auto","background-attachment":"scroll","background-type":"","background-media":"","overlay-type":"","overlay-color":"","overlay-gradient":""},"tablet":{"background-color":"var(--ast-global-color-5)","background-image":"","background-repeat":"repeat","background-position":"center center","background-size":"auto","background-attachment":"scroll","background-type":"","background-media":"","overlay-type":"","overlay-color":"","overlay-gradient":""},"mobile":{"background-color":"var(--ast-global-color-5)","background-image":"","background-repeat":"repeat","background-position":"center center","background-size":"auto","background-attachment":"scroll","background-type":"","background-media":"","overlay-type":"","overlay-color":"","overlay-gradient":""}},"footnotes":""},"categories":[47],"tags":[],"class_list":["post-3309","post","type-post","status-publish","format-standard","has-post-thumbnail","hentry","category-ocio-y-cultura"],"yoast_head":"<!-- This site is optimized with the Yoast SEO plugin v27.1.1 - https:\/\/yoast.com\/product\/yoast-seo-wordpress\/ -->\n<title>Qu\u00e9 hacer en Vic | Hotel en Vic | Blog Can Pamplona<\/title>\n<meta name=\"description\" content=\"Descubre qu\u00e9 hacer en Vic: paseos por el casco hist\u00f3rico, rutas culturales, mercados, museos y actividades locales para aprovechar al m\u00e1ximo tu visita.\" \/>\n<meta name=\"robots\" content=\"index, follow, max-snippet:-1, max-image-preview:large, max-video-preview:-1\" \/>\n<link rel=\"canonical\" href=\"https:\/\/canpamplona.com\/ca\/que-hacer-en-vic\/\" \/>\n<meta property=\"og:locale\" content=\"ca_ES\" \/>\n<meta property=\"og:type\" content=\"article\" \/>\n<meta property=\"og:title\" content=\"Qu\u00e9 hacer en Vic | Hotel en Vic | Blog Can Pamplona\" \/>\n<meta property=\"og:description\" content=\"Descubre qu\u00e9 hacer en Vic: paseos por el casco hist\u00f3rico, rutas culturales, mercados, museos y actividades locales para aprovechar al m\u00e1ximo tu visita.\" \/>\n<meta property=\"og:url\" content=\"https:\/\/canpamplona.com\/ca\/que-hacer-en-vic\/\" \/>\n<meta property=\"og:site_name\" content=\"Hotel Can Pamplona | Hotel En Vic | Web Oficial\" \/>\n<meta property=\"article:publisher\" content=\"https:\/\/www.facebook.com\/HotelCanPamplona\" \/>\n<meta property=\"article:published_time\" content=\"2023-07-06T08:51:18+00:00\" \/>\n<meta property=\"article:modified_time\" content=\"2025-12-04T08:21:27+00:00\" \/>\n<meta property=\"og:image\" content=\"https:\/\/canpamplona.com\/wp-content\/uploads\/2023\/07\/plaza-mayor-vic.jpg\" \/>\n\t<meta property=\"og:image:width\" content=\"612\" \/>\n\t<meta property=\"og:image:height\" content=\"408\" \/>\n\t<meta property=\"og:image:type\" content=\"image\/jpeg\" \/>\n<meta name=\"author\" content=\"LittHotels\" \/>\n<meta name=\"twitter:card\" content=\"summary_large_image\" \/>\n<meta name=\"twitter:label1\" content=\"Escrit per\" \/>\n\t<meta name=\"twitter:data1\" content=\"LittHotels\" \/>\n\t<meta name=\"twitter:label2\" content=\"Temps estimat de lectura\" \/>\n\t<meta name=\"twitter:data2\" content=\"5 minuts\" \/>\n<script type=\"application\/ld+json\" class=\"yoast-schema-graph\">{\"@context\":\"https:\/\/schema.org\",\"@graph\":[{\"@type\":\"Article\",\"@id\":\"https:\/\/canpamplona.com\/que-hacer-en-vic\/#article\",\"isPartOf\":{\"@id\":\"https:\/\/canpamplona.com\/que-hacer-en-vic\/\"},\"author\":{\"name\":\"LittHotels\",\"@id\":\"\/#\/schema\/person\/816857693f5cc947534e5efea06b46cf\"},\"headline\":\"Qu\u00e9 hacer en Vic\",\"datePublished\":\"2023-07-06T08:51:18+00:00\",\"dateModified\":\"2025-12-04T08:21:27+00:00\",\"mainEntityOfPage\":{\"@id\":\"https:\/\/canpamplona.com\/que-hacer-en-vic\/\"},\"wordCount\":842,\"publisher\":{\"@id\":\"\/#organization\"},\"image\":{\"@id\":\"https:\/\/canpamplona.com\/que-hacer-en-vic\/#primaryimage\"},\"thumbnailUrl\":\"https:\/\/canpamplona.com\/wp-content\/uploads\/2023\/07\/plaza-mayor-vic.jpg\",\"articleSection\":[\"Ocio y Cultura\"],\"inLanguage\":\"ca\"},{\"@type\":\"WebPage\",\"@id\":\"https:\/\/canpamplona.com\/que-hacer-en-vic\/\",\"url\":\"https:\/\/canpamplona.com\/que-hacer-en-vic\/\",\"name\":\"Qu\u00e9 hacer en Vic | Hotel en Vic | Blog Can Pamplona\",\"isPartOf\":{\"@id\":\"\/#website\"},\"primaryImageOfPage\":{\"@id\":\"https:\/\/canpamplona.com\/que-hacer-en-vic\/#primaryimage\"},\"image\":{\"@id\":\"https:\/\/canpamplona.com\/que-hacer-en-vic\/#primaryimage\"},\"thumbnailUrl\":\"https:\/\/canpamplona.com\/wp-content\/uploads\/2023\/07\/plaza-mayor-vic.jpg\",\"datePublished\":\"2023-07-06T08:51:18+00:00\",\"dateModified\":\"2025-12-04T08:21:27+00:00\",\"description\":\"Descubre qu\u00e9 hacer en Vic: paseos por el casco hist\u00f3rico, rutas culturales, mercados, museos y actividades locales para aprovechar al m\u00e1ximo tu visita.\",\"breadcrumb\":{\"@id\":\"https:\/\/canpamplona.com\/que-hacer-en-vic\/#breadcrumb\"},\"inLanguage\":\"ca\",\"potentialAction\":[{\"@type\":\"ReadAction\",\"target\":[\"https:\/\/canpamplona.com\/que-hacer-en-vic\/\"]}]},{\"@type\":\"ImageObject\",\"inLanguage\":\"ca\",\"@id\":\"https:\/\/canpamplona.com\/que-hacer-en-vic\/#primaryimage\",\"url\":\"https:\/\/canpamplona.com\/wp-content\/uploads\/2023\/07\/plaza-mayor-vic.jpg\",\"contentUrl\":\"https:\/\/canpamplona.com\/wp-content\/uploads\/2023\/07\/plaza-mayor-vic.jpg\",\"width\":612,\"height\":408,\"caption\":\"plaza mayor de vic\"},{\"@type\":\"BreadcrumbList\",\"@id\":\"https:\/\/canpamplona.com\/que-hacer-en-vic\/#breadcrumb\",\"itemListElement\":[{\"@type\":\"ListItem\",\"position\":1,\"name\":\"Portada\",\"item\":\"https:\/\/canpamplona.com\/\"},{\"@type\":\"ListItem\",\"position\":2,\"name\":\"Qu\u00e9 hacer en Vic\"}]},{\"@type\":\"WebSite\",\"@id\":\"\/#website\",\"url\":\"\/\",\"name\":\"Hotel Can Pamplona | Hotel En Vic | Web Oficial\",\"description\":\"Hotel Can Pamplona es un hotel en Vic B&amp;B. Un hotel urbano rehabilitado con un estilo moderno y al precio m\u00e1s econ\u00f3mico. Reserva aqu\u00ed.\",\"publisher\":{\"@id\":\"\/#organization\"},\"potentialAction\":[{\"@type\":\"SearchAction\",\"target\":{\"@type\":\"EntryPoint\",\"urlTemplate\":\"\/?s={search_term_string}\"},\"query-input\":{\"@type\":\"PropertyValueSpecification\",\"valueRequired\":true,\"valueName\":\"search_term_string\"}}],\"inLanguage\":\"ca\"},{\"@type\":\"Organization\",\"@id\":\"\/#organization\",\"name\":\"Hotel Can Pamplona\",\"url\":\"\/\",\"logo\":{\"@type\":\"ImageObject\",\"inLanguage\":\"ca\",\"@id\":\"\/#\/schema\/logo\/image\/\",\"url\":\"https:\/\/canpamplona.com\/wp-content\/uploads\/2025\/03\/LogoCanPamplonatopocolor-02.jpg\",\"contentUrl\":\"https:\/\/canpamplona.com\/wp-content\/uploads\/2025\/03\/LogoCanPamplonatopocolor-02.jpg\",\"width\":2480,\"height\":2480,\"caption\":\"Hotel Can Pamplona\"},\"image\":{\"@id\":\"\/#\/schema\/logo\/image\/\"},\"sameAs\":[\"https:\/\/www.facebook.com\/HotelCanPamplona\",\"https:\/\/www.instagram.com\/hotelcanpamplonavic\/\"]},{\"@type\":\"Person\",\"@id\":\"\/#\/schema\/person\/816857693f5cc947534e5efea06b46cf\",\"name\":\"LittHotels\",\"image\":{\"@type\":\"ImageObject\",\"inLanguage\":\"ca\",\"@id\":\"\/#\/schema\/person\/image\/\",\"url\":\"https:\/\/canpamplona.com\/wp-content\/litespeed\/avatar\/f3cbe4ac27ac09ddf4fbb6c176eac63f.jpg?ver=1777295195\",\"contentUrl\":\"https:\/\/canpamplona.com\/wp-content\/litespeed\/avatar\/f3cbe4ac27ac09ddf4fbb6c176eac63f.jpg?ver=1777295195\",\"caption\":\"LittHotels\"}}]}<\/script>\n<!-- \/ Yoast SEO plugin. -->","yoast_head_json":{"title":"Qu\u00e8 fer a Vic | Hotel a Vic | Blog Can Pamplona","description":"Descobriu qu\u00e8 fer a Vic: passejades pel casc hist\u00f2ric, rutes culturals, mercats, museus i activitats locals per aprofitar al m\u00e0xim la vostra visita.","robots":{"index":"index","follow":"follow","max-snippet":"max-snippet:-1","max-image-preview":"max-image-preview:large","max-video-preview":"max-video-preview:-1"},"canonical":"https:\/\/canpamplona.com\/ca\/que-hacer-en-vic\/","og_locale":"ca_ES","og_type":"article","og_title":"Qu\u00e9 hacer en Vic | Hotel en Vic | Blog Can Pamplona","og_description":"Descubre qu\u00e9 hacer en Vic: paseos por el casco hist\u00f3rico, rutas culturales, mercados, museos y actividades locales para aprovechar al m\u00e1ximo tu visita.","og_url":"https:\/\/canpamplona.com\/ca\/que-hacer-en-vic\/","og_site_name":"Hotel Can Pamplona | Hotel En Vic | Web Oficial","article_publisher":"https:\/\/www.facebook.com\/HotelCanPamplona","article_published_time":"2023-07-06T08:51:18+00:00","article_modified_time":"2025-12-04T08:21:27+00:00","og_image":[{"width":612,"height":408,"url":"https:\/\/canpamplona.com\/wp-content\/uploads\/2023\/07\/plaza-mayor-vic.jpg","type":"image\/jpeg"}],"author":"LittHotels","twitter_card":"summary_large_image","twitter_misc":{"Escrit per":"LittHotels","Temps estimat de lectura":"5 minuts"},"schema":{"@context":"https:\/\/schema.org","@graph":[{"@type":"Article","@id":"https:\/\/canpamplona.com\/que-hacer-en-vic\/#article","isPartOf":{"@id":"https:\/\/canpamplona.com\/que-hacer-en-vic\/"},"author":{"name":"LittHotels","@id":"\/#\/schema\/person\/816857693f5cc947534e5efea06b46cf"},"headline":"Qu\u00e9 hacer en Vic","datePublished":"2023-07-06T08:51:18+00:00","dateModified":"2025-12-04T08:21:27+00:00","mainEntityOfPage":{"@id":"https:\/\/canpamplona.com\/que-hacer-en-vic\/"},"wordCount":842,"publisher":{"@id":"\/#organization"},"image":{"@id":"https:\/\/canpamplona.com\/que-hacer-en-vic\/#primaryimage"},"thumbnailUrl":"https:\/\/canpamplona.com\/wp-content\/uploads\/2023\/07\/plaza-mayor-vic.jpg","articleSection":["Ocio y Cultura"],"inLanguage":"ca"},{"@type":"WebPage","@id":"https:\/\/canpamplona.com\/que-hacer-en-vic\/","url":"https:\/\/canpamplona.com\/que-hacer-en-vic\/","name":"Qu\u00e8 fer a Vic | Hotel a Vic | Blog Can Pamplona","isPartOf":{"@id":"\/#website"},"primaryImageOfPage":{"@id":"https:\/\/canpamplona.com\/que-hacer-en-vic\/#primaryimage"},"image":{"@id":"https:\/\/canpamplona.com\/que-hacer-en-vic\/#primaryimage"},"thumbnailUrl":"https:\/\/canpamplona.com\/wp-content\/uploads\/2023\/07\/plaza-mayor-vic.jpg","datePublished":"2023-07-06T08:51:18+00:00","dateModified":"2025-12-04T08:21:27+00:00","description":"Descobriu qu\u00e8 fer a Vic: passejades pel casc hist\u00f2ric, rutes culturals, mercats, museus i activitats locals per aprofitar al m\u00e0xim la vostra visita.","breadcrumb":{"@id":"https:\/\/canpamplona.com\/que-hacer-en-vic\/#breadcrumb"},"inLanguage":"ca","potentialAction":[{"@type":"ReadAction","target":["https:\/\/canpamplona.com\/que-hacer-en-vic\/"]}]},{"@type":"ImageObject","inLanguage":"ca","@id":"https:\/\/canpamplona.com\/que-hacer-en-vic\/#primaryimage","url":"https:\/\/canpamplona.com\/wp-content\/uploads\/2023\/07\/plaza-mayor-vic.jpg","contentUrl":"https:\/\/canpamplona.com\/wp-content\/uploads\/2023\/07\/plaza-mayor-vic.jpg","width":612,"height":408,"caption":"plaza mayor de vic"},{"@type":"BreadcrumbList","@id":"https:\/\/canpamplona.com\/que-hacer-en-vic\/#breadcrumb","itemListElement":[{"@type":"ListItem","position":1,"name":"Portada","item":"https:\/\/canpamplona.com\/"},{"@type":"ListItem","position":2,"name":"Qu\u00e9 hacer en Vic"}]},{"@type":"WebSite","@id":"\/#website","url":"\/","name":"Hotel Can Pamplona | Hotel A Vic | Web Oficial","description":"Hotel Can Pamplona \u00e9s un hotel a Vic B&amp;B. Un hotel urb\u00e0 rehabilitat amb un estil modern i al preu m\u00e9s econ\u00f2mic. Reserva aqu\u00ed.","publisher":{"@id":"\/#organization"},"potentialAction":[{"@type":"SearchAction","target":{"@type":"EntryPoint","urlTemplate":"\/?s={search_term_string}"},"query-input":{"@type":"PropertyValueSpecification","valueRequired":true,"valueName":"search_term_string"}}],"inLanguage":"ca"},{"@type":"Organization","@id":"\/#organization","name":"Hotel Can Pamplona","url":"\/","logo":{"@type":"ImageObject","inLanguage":"ca","@id":"\/#\/schema\/logo\/image\/","url":"https:\/\/canpamplona.com\/wp-content\/uploads\/2025\/03\/LogoCanPamplonatopocolor-02.jpg","contentUrl":"https:\/\/canpamplona.com\/wp-content\/uploads\/2025\/03\/LogoCanPamplonatopocolor-02.jpg","width":2480,"height":2480,"caption":"Hotel Can Pamplona"},"image":{"@id":"\/#\/schema\/logo\/image\/"},"sameAs":["https:\/\/www.facebook.com\/HotelCanPamplona","https:\/\/www.instagram.com\/hotelcanpamplonavic\/"]},{"@type":"Person","@id":"\/#\/schema\/person\/816857693f5cc947534e5efea06b46cf","name":"LittHotels","image":{"@type":"ImageObject","inLanguage":"ca","@id":"\/#\/schema\/person\/image\/","url":"https:\/\/canpamplona.com\/wp-content\/litespeed\/avatar\/f3cbe4ac27ac09ddf4fbb6c176eac63f.jpg?ver=1777295195","contentUrl":"https:\/\/canpamplona.com\/wp-content\/litespeed\/avatar\/f3cbe4ac27ac09ddf4fbb6c176eac63f.jpg?ver=1777295195","caption":"LittHotels"}}]}},"_links":{"self":[{"href":"https:\/\/canpamplona.com\/ca\/wp-json\/wp\/v2\/posts\/3309","targetHints":{"allow":["GET"]}}],"collection":[{"href":"https:\/\/canpamplona.com\/ca\/wp-json\/wp\/v2\/posts"}],"about":[{"href":"https:\/\/canpamplona.com\/ca\/wp-json\/wp\/v2\/types\/post"}],"author":[{"embeddable":true,"href":"https:\/\/canpamplona.com\/ca\/wp-json\/wp\/v2\/users\/2"}],"replies":[{"embeddable":true,"href":"https:\/\/canpamplona.com\/ca\/wp-json\/wp\/v2\/comments?post=3309"}],"version-history":[{"count":9,"href":"https:\/\/canpamplona.com\/ca\/wp-json\/wp\/v2\/posts\/3309\/revisions"}],"predecessor-version":[{"id":4222,"href":"https:\/\/canpamplona.com\/ca\/wp-json\/wp\/v2\/posts\/3309\/revisions\/4222"}],"wp:featuredmedia":[{"embeddable":true,"href":"https:\/\/canpamplona.com\/ca\/wp-json\/wp\/v2\/media\/3313"}],"wp:attachment":[{"href":"https:\/\/canpamplona.com\/ca\/wp-json\/wp\/v2\/media?parent=3309"}],"wp:term":[{"taxonomy":"category","embeddable":true,"href":"https:\/\/canpamplona.com\/ca\/wp-json\/wp\/v2\/categories?post=3309"},{"taxonomy":"post_tag","embeddable":true,"href":"https:\/\/canpamplona.com\/ca\/wp-json\/wp\/v2\/tags?post=3309"}],"curies":[{"name":"wp","href":"https:\/\/api.w.org\/{rel}","templated":true}]}}