{"id":3335,"date":"2023-07-06T09:44:26","date_gmt":"2023-07-06T09:44:26","guid":{"rendered":"https:\/\/canpamplona.com\/?p=3335"},"modified":"2025-12-04T08:15:35","modified_gmt":"2025-12-04T08:15:35","slug":"mercat-del-ram-vic","status":"publish","type":"post","link":"https:\/\/canpamplona.com\/ca\/mercat-del-ram-vic\/","title":{"rendered":"Mercat del Ram de Vic"},"content":{"rendered":"<div data-elementor-type=\"wp-post\" data-elementor-id=\"3335\" class=\"elementor elementor-3335\" data-elementor-post-type=\"post\">\n\t\t\t\t\t\t<section class=\"elementor-section elementor-top-section elementor-element elementor-element-dc870c3 elementor-section-boxed elementor-section-height-default elementor-section-height-default\" data-id=\"dc870c3\" data-element_type=\"section\" data-e-type=\"section\">\n\t\t\t\t\t\t<div class=\"elementor-container elementor-column-gap-default\">\n\t\t\t\t\t<div class=\"elementor-column elementor-col-100 elementor-top-column elementor-element elementor-element-cc9ce10\" data-id=\"cc9ce10\" data-element_type=\"column\" data-e-type=\"column\">\n\t\t\t<div class=\"elementor-widget-wrap elementor-element-populated\">\n\t\t\t\t\t\t<div class=\"elementor-element elementor-element-1edd996 elementor-widget elementor-widget-heading\" data-id=\"1edd996\" data-element_type=\"widget\" data-e-type=\"widget\" data-widget_type=\"heading.default\">\n\t\t\t\t<div class=\"elementor-widget-container\">\n\t\t\t\t\t<h1 class=\"elementor-heading-title elementor-size-default\">Mercat del Ram de Vic<\/h1>\t\t\t\t<\/div>\n\t\t\t\t<\/div>\n\t\t\t\t<div class=\"elementor-element elementor-element-ece595f elementor-widget elementor-widget-heading\" data-id=\"ece595f\" data-element_type=\"widget\" data-e-type=\"widget\" data-widget_type=\"heading.default\">\n\t\t\t\t<div class=\"elementor-widget-container\">\n\t\t\t\t\t<h2 class=\"elementor-heading-title elementor-size-default\">L&#039;hist\u00f2ric mercat de Vic<\/h2>\t\t\t\t<\/div>\n\t\t\t\t<\/div>\n\t\t\t\t<div class=\"elementor-element elementor-element-aeaf715 elementor-widget elementor-widget-text-editor\" data-id=\"aeaf715\" data-element_type=\"widget\" data-e-type=\"widget\" data-widget_type=\"text-editor.default\">\n\t\t\t\t<div class=\"elementor-widget-container\">\n\t\t\t\t\t\t\t\t\t<p>El<b> Mercat del Ram de Vic<\/b> \u00e9s un dels esdeveniments m\u00e9s importants i esperats de la ciutat catalana de Vic. Se celebra anualment durant la <b>Setmana Santa<\/b> i \u00e9s un dels <b>mercats m\u00e9s antics d&#039;Espanya, amb gran renom i molta aflu\u00e8ncia<\/b>. El que va comen\u00e7ar al <b>segle XIII com una trobada de venda de bestiar i altres productes agr\u00edcola<\/b>s, avui dia s&#039;ha diversificat per incloure una \u00e0mplia gamma de productes, incloent aliments, artesanies, roba i molt m\u00e9s. I tot aix\u00f2 sense comptar les m\u00faltiples activitats que es fan per a aquest esdeveniment.<\/p>\t\t\t\t\t\t\t\t<\/div>\n\t\t\t\t<\/div>\n\t\t\t\t<div class=\"elementor-element elementor-element-81acbaf elementor-widget elementor-widget-image\" data-id=\"81acbaf\" data-element_type=\"widget\" data-e-type=\"widget\" data-widget_type=\"image.default\">\n\t\t\t\t<div class=\"elementor-widget-container\">\n\t\t\t\t\t\t\t\t\t\t\t\t\t\t\t<img loading=\"lazy\" decoding=\"async\" width=\"471\" height=\"298\" src=\"https:\/\/canpamplona.com\/wp-content\/uploads\/2023\/07\/mercat-vic.jpg\" class=\"attachment-large size-large wp-image-3715\" alt=\"\" srcset=\"https:\/\/canpamplona.com\/wp-content\/uploads\/2023\/07\/mercat-vic.jpg 471w, https:\/\/canpamplona.com\/wp-content\/uploads\/2023\/07\/mercat-vic-300x190.jpg 300w, https:\/\/canpamplona.com\/wp-content\/uploads\/2023\/07\/mercat-vic-18x12.jpg 18w\" sizes=\"auto, (max-width: 471px) 100vw, 471px\" data-test=\"on\" \/>\t\t\t\t\t\t\t\t\t\t\t\t\t\t\t<\/div>\n\t\t\t\t<\/div>\n\t\t\t\t<div class=\"elementor-element elementor-element-b998d22 elementor-widget elementor-widget-text-editor\" data-id=\"b998d22\" data-element_type=\"widget\" data-e-type=\"widget\" data-widget_type=\"text-editor.default\">\n\t\t\t\t<div class=\"elementor-widget-container\">\n\t\t\t\t\t\t\t\t\t<p><span style=\"font-style: inherit; font-weight: inherit; background-color: var(--ast-global-color-5); color: var(--ast-global-color-3);\">\u00c9s un bon moment per planejar una escapada i poder gaudir del <\/span><b style=\"font-style: inherit; background-color: var(--ast-global-color-5); color: var(--ast-global-color-3);\">Mercat del Ram<\/b><span style=\"font-style: inherit; font-weight: inherit; background-color: var(--ast-global-color-5); color: var(--ast-global-color-3);\"> i tot all\u00f2 que ens ofereix.\u00a0<\/span><\/p><p>Si busques allotjament, al\u00a0<b>Hotel Can Pamplona\u00a0<\/b>estarem encantats de rebre&#039;t, Aqu\u00ed, al nostre <b>Bed and Breakfast<\/b> trobar\u00e0s un entorn agradable, un tracte familiar i sens dubte gaudir\u00e0s d&#039;una <b>localitzaci\u00f3 privilegiada<\/b>, ja que ens trobem molt <b>a prop del centre.<\/b>\u00a0<\/p><p>Al bloc d&#039;avui, descobrirem tot el que ens ofereix el Mercat del Ram, tant els productes com les activitats.<\/p>\t\t\t\t\t\t\t\t<\/div>\n\t\t\t\t<\/div>\n\t\t\t\t<div class=\"elementor-element elementor-element-3429627 elementor-widget elementor-widget-heading\" data-id=\"3429627\" data-element_type=\"widget\" data-e-type=\"widget\" data-widget_type=\"heading.default\">\n\t\t\t\t<div class=\"elementor-widget-container\">\n\t\t\t\t\t<h2 class=\"elementor-heading-title elementor-size-default\">Activitats i productes locals<\/h2>\t\t\t\t<\/div>\n\t\t\t\t<\/div>\n\t\t\t\t<div class=\"elementor-element elementor-element-41a3ba6 elementor-widget elementor-widget-text-editor\" data-id=\"41a3ba6\" data-element_type=\"widget\" data-e-type=\"widget\" data-widget_type=\"text-editor.default\">\n\t\t\t\t<div class=\"elementor-widget-container\">\n\t\t\t\t\t\t\t\t\t<p>Un dels elements m\u00e9s destacats del Mercat del Ram \u00e9s el seu ambient festiu i acollidor. La ciutat de Vic es transforma durant la setmana del mercat, i els visitants se senten benvinguts a cada rac\u00f3. A m\u00e9s, hi ha una gran varietat de parades de menjar i beguda que ofereixen deliciosos productes locals, com ara embotits, formatges, vins i dol\u00e7os. Els visitants poden degustar la gastronomia local i endur-se a casa alguns dels productes t\u00edpics de la regi\u00f3.<\/p>\t\t\t\t\t\t\t\t<\/div>\n\t\t\t\t<\/div>\n\t\t\t\t<div class=\"elementor-element elementor-element-f49a834 elementor-widget elementor-widget-heading\" data-id=\"f49a834\" data-element_type=\"widget\" data-e-type=\"widget\" data-widget_type=\"heading.default\">\n\t\t\t\t<div class=\"elementor-widget-container\">\n\t\t\t\t\t<h3 class=\"elementor-heading-title elementor-size-default\">Busques oferta gastron\u00f2mica?<\/h3>\t\t\t\t<\/div>\n\t\t\t\t<\/div>\n\t\t\t\t<div class=\"elementor-element elementor-element-3cedc7b elementor-widget elementor-widget-text-editor\" data-id=\"3cedc7b\" data-element_type=\"widget\" data-e-type=\"widget\" data-widget_type=\"text-editor.default\">\n\t\t\t\t<div class=\"elementor-widget-container\">\n\t\t\t\t\t\t\t\t\t<p>Per descomptat que trobar\u00e0s unes propostes per llepar-se els dits! D\u00f3na&#039;t una volta i acosta&#039;t fins al Passeig, t&#039;espera l&#039;Espai Terra i Cuina, on trobar\u00e0s productes de proximitat, cervesa i m\u00fasica, tot a punt per fer les del\u00edcies dels paladars \u00e0vid de noves sensacions.<\/p>\t\t\t\t\t\t\t\t<\/div>\n\t\t\t\t<\/div>\n\t\t\t\t<div class=\"elementor-element elementor-element-4a5c944 elementor-widget elementor-widget-image\" data-id=\"4a5c944\" data-element_type=\"widget\" data-e-type=\"widget\" data-widget_type=\"image.default\">\n\t\t\t\t<div class=\"elementor-widget-container\">\n\t\t\t\t\t\t\t\t\t\t\t\t\t\t\t<img loading=\"lazy\" decoding=\"async\" width=\"600\" height=\"400\" src=\"https:\/\/canpamplona.com\/wp-content\/uploads\/2023\/07\/MERCAT-RAM-2022-34-600x400.jpg\" class=\"attachment-woocommerce_single size-woocommerce_single wp-image-3338\" alt=\"\" srcset=\"https:\/\/canpamplona.com\/wp-content\/uploads\/2023\/07\/MERCAT-RAM-2022-34-600x400.jpg 600w, https:\/\/canpamplona.com\/wp-content\/uploads\/2023\/07\/MERCAT-RAM-2022-34-300x200.jpg 300w, https:\/\/canpamplona.com\/wp-content\/uploads\/2023\/07\/MERCAT-RAM-2022-34-1024x683.jpg 1024w, https:\/\/canpamplona.com\/wp-content\/uploads\/2023\/07\/MERCAT-RAM-2022-34-768x512.jpg 768w, https:\/\/canpamplona.com\/wp-content\/uploads\/2023\/07\/MERCAT-RAM-2022-34-1536x1024.jpg 1536w, https:\/\/canpamplona.com\/wp-content\/uploads\/2023\/07\/MERCAT-RAM-2022-34-2048x1365.jpg 2048w, https:\/\/canpamplona.com\/wp-content\/uploads\/2023\/07\/MERCAT-RAM-2022-34-18x12.jpg 18w\" sizes=\"auto, (max-width: 600px) 100vw, 600px\" data-test=\"on\" \/>\t\t\t\t\t\t\t\t\t\t\t\t\t\t\t<\/div>\n\t\t\t\t<\/div>\n\t\t\t\t<div class=\"elementor-element elementor-element-94c8fe2 elementor-widget elementor-widget-text-editor\" data-id=\"94c8fe2\" data-element_type=\"widget\" data-e-type=\"widget\" data-widget_type=\"text-editor.default\">\n\t\t\t\t<div class=\"elementor-widget-container\">\n\t\t\t\t\t\t\t\t\t<p>Un altre punt que atrau l&#039;atenci\u00f3 de tot el m\u00f3n s\u00f3n les activitats que es fan en honor al mercat. Les m\u00e9s destacables i conegudes s\u00f3n:<\/p>\t\t\t\t\t\t\t\t<\/div>\n\t\t\t\t<\/div>\n\t\t\t\t<div class=\"elementor-element elementor-element-4f03805 elementor-widget elementor-widget-heading\" data-id=\"4f03805\" data-element_type=\"widget\" data-e-type=\"widget\" data-widget_type=\"heading.default\">\n\t\t\t\t<div class=\"elementor-widget-container\">\n\t\t\t\t\t<h3 class=\"elementor-heading-title elementor-size-default\">La Casa del Pag\u00e8s<\/h3>\t\t\t\t<\/div>\n\t\t\t\t<\/div>\n\t\t\t\t<div class=\"elementor-element elementor-element-8b7b93e elementor-widget elementor-widget-text-editor\" data-id=\"8b7b93e\" data-element_type=\"widget\" data-e-type=\"widget\" data-widget_type=\"text-editor.default\">\n\t\t\t\t<div class=\"elementor-widget-container\">\n\t\t\t\t\t\t\t\t\t<p><span lang=\"ES-TRAD\">Situada <\/span><span lang=\"ES-TRAD\">al <b>Pavell\u00f3 del Recinte firal El Sucre<\/b>. Aquesta \u00e9s una iniciativa que busca apropar la vida rural al <b>p\u00fablic m\u00e9s familiar i <\/b><\/span><span lang=\"ES-TRAD\"><b>destinat a con\u00e8ixer el dia a dia del que passa a les masies<\/b>. Al seu interior compta amb diferents \u00e0rees, com el camp, l&#039;hort, el gra i l&#039;estable. Cadascuna explicant el proc\u00e9s agr\u00edcola per al p\u00fablic, amb animals inclosos. Tot preparat per entretenir i informar els visitants, amb diversos <b>tallers, <\/b><\/span><b><span lang=\"ES-TRAD\">exposicions <\/span><span lang=\"ES-TRAD\">i activitats did\u00e0ctiques<\/span><span lang=\"ES-TRAD\">, per a totes les edats.<\/span><\/b><\/p>\t\t\t\t\t\t\t\t<\/div>\n\t\t\t\t<\/div>\n\t\t\t\t<div class=\"elementor-element elementor-element-99116a7 elementor-widget elementor-widget-image\" data-id=\"99116a7\" data-element_type=\"widget\" data-e-type=\"widget\" data-widget_type=\"image.default\">\n\t\t\t\t<div class=\"elementor-widget-container\">\n\t\t\t\t\t\t\t\t\t\t\t\t\t\t\t<img loading=\"lazy\" decoding=\"async\" width=\"600\" height=\"400\" src=\"https:\/\/canpamplona.com\/wp-content\/uploads\/2023\/07\/MERCAT-RAM-2022-14-600x400.jpg\" class=\"attachment-woocommerce_single size-woocommerce_single wp-image-3339\" alt=\"\" srcset=\"https:\/\/canpamplona.com\/wp-content\/uploads\/2023\/07\/MERCAT-RAM-2022-14-600x400.jpg 600w, https:\/\/canpamplona.com\/wp-content\/uploads\/2023\/07\/MERCAT-RAM-2022-14-300x200.jpg 300w, https:\/\/canpamplona.com\/wp-content\/uploads\/2023\/07\/MERCAT-RAM-2022-14-1024x683.jpg 1024w, https:\/\/canpamplona.com\/wp-content\/uploads\/2023\/07\/MERCAT-RAM-2022-14-768x512.jpg 768w, https:\/\/canpamplona.com\/wp-content\/uploads\/2023\/07\/MERCAT-RAM-2022-14-1536x1024.jpg 1536w, https:\/\/canpamplona.com\/wp-content\/uploads\/2023\/07\/MERCAT-RAM-2022-14-2048x1365.jpg 2048w, https:\/\/canpamplona.com\/wp-content\/uploads\/2023\/07\/MERCAT-RAM-2022-14-18x12.jpg 18w\" sizes=\"auto, (max-width: 600px) 100vw, 600px\" data-test=\"on\" \/>\t\t\t\t\t\t\t\t\t\t\t\t\t\t\t<\/div>\n\t\t\t\t<\/div>\n\t\t\t\t<div class=\"elementor-element elementor-element-5d3a3a4 elementor-widget elementor-widget-heading\" data-id=\"5d3a3a4\" data-element_type=\"widget\" data-e-type=\"widget\" data-widget_type=\"heading.default\">\n\t\t\t\t<div class=\"elementor-widget-container\">\n\t\t\t\t\t<h3 class=\"elementor-heading-title elementor-size-default\">Els Cavalls<\/h3>\t\t\t\t<\/div>\n\t\t\t\t<\/div>\n\t\t\t\t<div class=\"elementor-element elementor-element-f5eddc3 elementor-widget elementor-widget-text-editor\" data-id=\"f5eddc3\" data-element_type=\"widget\" data-e-type=\"widget\" data-widget_type=\"text-editor.default\">\n\t\t\t\t<div class=\"elementor-widget-container\">\n\t\t\t\t\t\t\t\t\t<p>Durant el cap de setmana, a la zona esportiva, es fan diverses exhibicions, concursos de doma, salts d&#039;obstacles, i tota mena d&#039;espectacles amb un protagonista en com\u00fa, els cavalls.<\/p>\t\t\t\t\t\t\t\t<\/div>\n\t\t\t\t<\/div>\n\t\t\t\t<div class=\"elementor-element elementor-element-ca44b23 elementor-widget elementor-widget-image\" data-id=\"ca44b23\" data-element_type=\"widget\" data-e-type=\"widget\" data-widget_type=\"image.default\">\n\t\t\t\t<div class=\"elementor-widget-container\">\n\t\t\t\t\t\t\t\t\t\t\t\t\t\t\t<img loading=\"lazy\" decoding=\"async\" width=\"510\" height=\"300\" src=\"https:\/\/canpamplona.com\/wp-content\/uploads\/2023\/07\/mercat_ram_vic_cavall_510.jpg\" class=\"attachment-woocommerce_single size-woocommerce_single wp-image-3713\" alt=\"\" srcset=\"https:\/\/canpamplona.com\/wp-content\/uploads\/2023\/07\/mercat_ram_vic_cavall_510.jpg 510w, https:\/\/canpamplona.com\/wp-content\/uploads\/2023\/07\/mercat_ram_vic_cavall_510-300x176.jpg 300w, https:\/\/canpamplona.com\/wp-content\/uploads\/2023\/07\/mercat_ram_vic_cavall_510-18x12.jpg 18w\" sizes=\"auto, (max-width: 510px) 100vw, 510px\" data-test=\"on\" \/>\t\t\t\t\t\t\t\t\t\t\t\t\t\t\t<\/div>\n\t\t\t\t<\/div>\n\t\t\t\t<div class=\"elementor-element elementor-element-b946b8f elementor-widget elementor-widget-heading\" data-id=\"b946b8f\" data-element_type=\"widget\" data-e-type=\"widget\" data-widget_type=\"heading.default\">\n\t\t\t\t<div class=\"elementor-widget-container\">\n\t\t\t\t\t<h2 class=\"elementor-heading-title elementor-size-default\">Altres Activitats<\/h2>\t\t\t\t<\/div>\n\t\t\t\t<\/div>\n\t\t\t\t<div class=\"elementor-element elementor-element-fe2f179 elementor-widget elementor-widget-text-editor\" data-id=\"fe2f179\" data-element_type=\"widget\" data-e-type=\"widget\" data-widget_type=\"text-editor.default\">\n\t\t\t\t<div class=\"elementor-widget-container\">\n\t\t\t\t\t\t\t\t\t<p>A banda de les m\u00faltiples activitats i espectacles que es realitzen relacionats amb l&#039;agricultura, durant el Mercat del Ram tamb\u00e9 t\u00e9 lloc un altre tipus d&#039;esdeveniments, com ara les competicions esportives, concursos, diverses exhibicions de castellers, etc.<\/p>\t\t\t\t\t\t\t\t<\/div>\n\t\t\t\t<\/div>\n\t\t\t\t<div class=\"elementor-element elementor-element-d8b4bdb elementor-widget elementor-widget-image\" data-id=\"d8b4bdb\" data-element_type=\"widget\" data-e-type=\"widget\" data-widget_type=\"image.default\">\n\t\t\t\t<div class=\"elementor-widget-container\">\n\t\t\t\t\t\t\t\t\t\t\t\t\t\t\t<img loading=\"lazy\" decoding=\"async\" width=\"600\" height=\"400\" src=\"https:\/\/canpamplona.com\/wp-content\/uploads\/2023\/07\/MERCAT-RAM-2022-41-600x400.jpg\" class=\"attachment-woocommerce_single size-woocommerce_single wp-image-3341\" alt=\"\" srcset=\"https:\/\/canpamplona.com\/wp-content\/uploads\/2023\/07\/MERCAT-RAM-2022-41-600x400.jpg 600w, https:\/\/canpamplona.com\/wp-content\/uploads\/2023\/07\/MERCAT-RAM-2022-41-300x200.jpg 300w, https:\/\/canpamplona.com\/wp-content\/uploads\/2023\/07\/MERCAT-RAM-2022-41-1024x683.jpg 1024w, https:\/\/canpamplona.com\/wp-content\/uploads\/2023\/07\/MERCAT-RAM-2022-41-768x512.jpg 768w, https:\/\/canpamplona.com\/wp-content\/uploads\/2023\/07\/MERCAT-RAM-2022-41-1536x1024.jpg 1536w, https:\/\/canpamplona.com\/wp-content\/uploads\/2023\/07\/MERCAT-RAM-2022-41-2048x1365.jpg 2048w, https:\/\/canpamplona.com\/wp-content\/uploads\/2023\/07\/MERCAT-RAM-2022-41-18x12.jpg 18w\" sizes=\"auto, (max-width: 600px) 100vw, 600px\" data-test=\"on\" \/>\t\t\t\t\t\t\t\t\t\t\t\t\t\t\t<\/div>\n\t\t\t\t<\/div>\n\t\t\t\t<div class=\"elementor-element elementor-element-4991868 elementor-widget elementor-widget-text-editor\" data-id=\"4991868\" data-element_type=\"widget\" data-e-type=\"widget\" data-widget_type=\"text-editor.default\">\n\t\t\t\t<div class=\"elementor-widget-container\">\n\t\t\t\t\t\t\t\t\t<p>Pels petits, Vic t\u00e9 preparada multitud de sorpreses. <b>La Pla\u00e7a dels M\u00e0rtirs i la Pla\u00e7a de Santa Eul\u00e0lia us esperen per gaudir d\u00b4una bona estona en fam\u00edlia.<\/b><\/p><p>Si us crida l&#039;atenci\u00f3 la <b>artesania<\/b>, tamb\u00e9 la trobar\u00e0s aqu\u00ed, aix\u00ed que no dubtis a acostar-te a la <b>Carrer de Santa Joaquina de Vedruna,<\/b> perqu\u00e8 segur que t&#039;endur\u00e0s algun record.<\/p><p>A m\u00e9s tamb\u00e9 hi ha varietat d&#039;activitats tradicions m\u00e9s arrelades com s\u00f3n els <b>Castells, gegants i sardans <\/b>juntament amb multitud d&#039;altres ofertes: Mostres de maquin\u00e0ria Agr\u00edcola, d&#039;Horticultura, Jardineria, \u2026<\/p><p>\u00a0<\/p><p>Si amb aix\u00f2 no en tens prou sempre pots provar altres activitats tan incre\u00efbles com fer una passejada a <b>globus aerost\u00e0tic<\/b>.<\/p>\t\t\t\t\t\t\t\t<\/div>\n\t\t\t\t<\/div>\n\t\t\t\t<div class=\"elementor-element elementor-element-a80abfe elementor-widget elementor-widget-image\" data-id=\"a80abfe\" data-element_type=\"widget\" data-e-type=\"widget\" data-widget_type=\"image.default\">\n\t\t\t\t<div class=\"elementor-widget-container\">\n\t\t\t\t\t\t\t\t\t\t\t\t\t\t\t<img loading=\"lazy\" decoding=\"async\" width=\"600\" height=\"400\" src=\"https:\/\/canpamplona.com\/wp-content\/uploads\/2023\/07\/605c95326c1ac-600x400.jpeg\" class=\"attachment-woocommerce_single size-woocommerce_single wp-image-3694\" alt=\"\" srcset=\"https:\/\/canpamplona.com\/wp-content\/uploads\/2023\/07\/605c95326c1ac-600x400.jpeg 600w, https:\/\/canpamplona.com\/wp-content\/uploads\/2023\/07\/605c95326c1ac-300x200.jpeg 300w, https:\/\/canpamplona.com\/wp-content\/uploads\/2023\/07\/605c95326c1ac-1024x683.jpeg 1024w, https:\/\/canpamplona.com\/wp-content\/uploads\/2023\/07\/605c95326c1ac-768x512.jpeg 768w, https:\/\/canpamplona.com\/wp-content\/uploads\/2023\/07\/605c95326c1ac-18x12.jpeg 18w, https:\/\/canpamplona.com\/wp-content\/uploads\/2023\/07\/605c95326c1ac.jpeg 1200w\" sizes=\"auto, (max-width: 600px) 100vw, 600px\" data-test=\"on\" \/>\t\t\t\t\t\t\t\t\t\t\t\t\t\t\t<\/div>\n\t\t\t\t<\/div>\n\t\t\t\t<div class=\"elementor-element elementor-element-ba75217 elementor-widget elementor-widget-text-editor\" data-id=\"ba75217\" data-element_type=\"widget\" data-e-type=\"widget\" data-widget_type=\"text-editor.default\">\n\t\t\t\t<div class=\"elementor-widget-container\">\n\t\t\t\t\t\t\t\t\t<p><span style=\"font-style: inherit; font-weight: inherit; background-color: var(--ast-global-color-5); color: var(--ast-global-color-3);\">I com que a Vic s\u00f3n molt previsors, n&#039;han organitzat dos \u201c<\/span><b style=\"font-style: inherit; background-color: var(--ast-global-color-5); color: var(--ast-global-color-3);\">carrilets\u201d d&#039;\u00fas gratu\u00eft amb recorregut organitzat<\/b><span style=\"font-style: inherit; font-weight: inherit; background-color: var(--ast-global-color-5); color: var(--ast-global-color-3);\"> per les zones on hi ha programades les activitats del Mercat del Ram.<\/span><\/p><p>Aix\u00ed que ara ja no hi ha excusa, tot, tot t&#039;encantar\u00e0s, passar\u00e0s uns dies formidables i gaudir d&#039;un descans reparador a les nostres instal\u00b7lacions, reserva la teva habitaci\u00f3 al\u00a0<b><a href=\"https:\/\/canpamplona.com\/ca\/reservas\/\">Hotel Can Pamplona<\/a>\u00a0i prepara&#039;t per gaudir de Vic.<\/b><\/p><p>T&#039;esperem!<\/p>\t\t\t\t\t\t\t\t<\/div>\n\t\t\t\t<\/div>\n\t\t\t\t<div class=\"elementor-element elementor-element-239438b elementor-widget__width-initial elementor-widget elementor-widget-image\" data-id=\"239438b\" data-element_type=\"widget\" data-e-type=\"widget\" data-widget_type=\"image.default\">\n\t\t\t\t<div class=\"elementor-widget-container\">\n\t\t\t\t\t\t\t\t\t\t\t\t\t\t\t<img loading=\"lazy\" decoding=\"async\" width=\"1024\" height=\"683\" src=\"https:\/\/canpamplona.com\/wp-content\/uploads\/2023\/06\/20221123_CanPamplona_005-1024x683.jpg\" class=\"attachment-large size-large wp-image-3188\" alt=\"\" srcset=\"https:\/\/canpamplona.com\/wp-content\/uploads\/2023\/06\/20221123_CanPamplona_005-1024x683.jpg 1024w, https:\/\/canpamplona.com\/wp-content\/uploads\/2023\/06\/20221123_CanPamplona_005-300x200.jpg 300w, https:\/\/canpamplona.com\/wp-content\/uploads\/2023\/06\/20221123_CanPamplona_005-768x512.jpg 768w, https:\/\/canpamplona.com\/wp-content\/uploads\/2023\/06\/20221123_CanPamplona_005-1536x1024.jpg 1536w, https:\/\/canpamplona.com\/wp-content\/uploads\/2023\/06\/20221123_CanPamplona_005-2048x1366.jpg 2048w, https:\/\/canpamplona.com\/wp-content\/uploads\/2023\/06\/20221123_CanPamplona_005-18x12.jpg 18w, https:\/\/canpamplona.com\/wp-content\/uploads\/2023\/06\/20221123_CanPamplona_005-600x400.jpg 600w\" sizes=\"auto, (max-width: 1024px) 100vw, 1024px\" data-test=\"on\" \/>\t\t\t\t\t\t\t\t\t\t\t\t\t\t\t<\/div>\n\t\t\t\t<\/div>\n\t\t\t\t<div class=\"elementor-element elementor-element-30a863e elementor-widget__width-initial elementor-widget elementor-widget-image\" data-id=\"30a863e\" data-element_type=\"widget\" data-e-type=\"widget\" data-widget_type=\"image.default\">\n\t\t\t\t<div class=\"elementor-widget-container\">\n\t\t\t\t\t\t\t\t\t\t\t\t\t\t\t<img loading=\"lazy\" decoding=\"async\" width=\"1024\" height=\"683\" src=\"https:\/\/canpamplona.com\/wp-content\/uploads\/2023\/10\/170601-Can-Pamplona-BAIXA-46-1024x683.jpg\" class=\"attachment-large size-large wp-image-3450\" alt=\"\" srcset=\"https:\/\/canpamplona.com\/wp-content\/uploads\/2023\/10\/170601-Can-Pamplona-BAIXA-46-1024x683.jpg 1024w, https:\/\/canpamplona.com\/wp-content\/uploads\/2023\/10\/170601-Can-Pamplona-BAIXA-46-300x200.jpg 300w, https:\/\/canpamplona.com\/wp-content\/uploads\/2023\/10\/170601-Can-Pamplona-BAIXA-46-768x512.jpg 768w, https:\/\/canpamplona.com\/wp-content\/uploads\/2023\/10\/170601-Can-Pamplona-BAIXA-46-1536x1024.jpg 1536w, https:\/\/canpamplona.com\/wp-content\/uploads\/2023\/10\/170601-Can-Pamplona-BAIXA-46-18x12.jpg 18w, https:\/\/canpamplona.com\/wp-content\/uploads\/2023\/10\/170601-Can-Pamplona-BAIXA-46-600x400.jpg 600w, https:\/\/canpamplona.com\/wp-content\/uploads\/2023\/10\/170601-Can-Pamplona-BAIXA-46.jpg 1842w\" sizes=\"auto, (max-width: 1024px) 100vw, 1024px\" data-test=\"on\" \/>\t\t\t\t\t\t\t\t\t\t\t\t\t\t\t<\/div>\n\t\t\t\t<\/div>\n\t\t\t\t<div class=\"elementor-element elementor-element-25b2df0 elementor-widget elementor-widget-heading\" data-id=\"25b2df0\" data-element_type=\"widget\" data-e-type=\"widget\" data-widget_type=\"heading.default\">\n\t\t\t\t<div class=\"elementor-widget-container\">\n\t\t\t\t\t<h2 class=\"elementor-heading-title elementor-size-default\"><br>Altres mercats i esdeveniments a Vic<\/h2>\t\t\t\t<\/div>\n\t\t\t\t<\/div>\n\t\t\t\t<div class=\"elementor-element elementor-element-5de62bc elementor-widget elementor-widget-text-editor\" data-id=\"5de62bc\" data-element_type=\"widget\" data-e-type=\"widget\" data-widget_type=\"text-editor.default\">\n\t\t\t\t<div class=\"elementor-widget-container\">\n\t\t\t\t\t\t\t\t\t<p>El Mercat del Ram \u00e9s un esdeveniment \u00fanic i especial a la ciutat de Vic. Si us agraden els mercats tradicionals, el menjar i la cultura, aquest \u00e9s un esdeveniment que no us podeu perdre. A m\u00e9s, si teniu l&#039;oportunitat de visitar Vic en altres \u00e8poques de l&#039;any, la ciutat compta amb altres mercats i festivals interessants que tamb\u00e9 val la pena visitar. Alguns s\u00f3n el Mercat Medieval, el Festival Internacional de Jazz, el Festival de M\u00fasica Antiga i el Mercat de Nadal.\u00a0<\/p>\t\t\t\t\t\t\t\t<\/div>\n\t\t\t\t<\/div>\n\t\t\t\t\t<\/div>\n\t\t<\/div>\n\t\t\t\t\t<\/div>\n\t\t<\/section>\n\t\t\t\t<\/div>","protected":false},"excerpt":{"rendered":"<p>Mercat del Ram de Vic El hist\u00f3rico Mercado de Vic El Mercat del Ram de Vic es uno de los eventos m\u00e1s importantes y esperados de la ciudad catalana de Vic. Se celebra anualmente durante la Semana Santa y es uno de los mercados m\u00e1s antiguos de Espa\u00f1a, con gran renombre y mucha afluencia. Lo [&hellip;]<\/p>\n","protected":false},"author":2,"featured_media":3702,"comment_status":"closed","ping_status":"closed","sticky":false,"template":"","format":"standard","meta":{"site-sidebar-layout":"default","site-content-layout":"","ast-site-content-layout":"default","site-content-style":"default","site-sidebar-style":"default","ast-global-header-display":"","ast-banner-title-visibility":"","ast-main-header-display":"","ast-hfb-above-header-display":"","ast-hfb-below-header-display":"","ast-hfb-mobile-header-display":"","site-post-title":"disabled","ast-breadcrumbs-content":"","ast-featured-img":"disabled","footer-sml-layout":"","theme-transparent-header-meta":"","adv-header-id-meta":"","stick-header-meta":"","header-above-stick-meta":"","header-main-stick-meta":"","header-below-stick-meta":"","astra-migrate-meta-layouts":"set","ast-page-background-enabled":"default","ast-page-background-meta":{"desktop":{"background-color":"","background-image":"","background-repeat":"repeat","background-position":"center center","background-size":"auto","background-attachment":"scroll","background-type":"","background-media":"","overlay-type":"","overlay-color":"","overlay-gradient":""},"tablet":{"background-color":"","background-image":"","background-repeat":"repeat","background-position":"center center","background-size":"auto","background-attachment":"scroll","background-type":"","background-media":"","overlay-type":"","overlay-color":"","overlay-gradient":""},"mobile":{"background-color":"","background-image":"","background-repeat":"repeat","background-position":"center center","background-size":"auto","background-attachment":"scroll","background-type":"","background-media":"","overlay-type":"","overlay-color":"","overlay-gradient":""}},"ast-content-background-meta":{"desktop":{"background-color":"var(--ast-global-color-5)","background-image":"","background-repeat":"repeat","background-position":"center center","background-size":"auto","background-attachment":"scroll","background-type":"","background-media":"","overlay-type":"","overlay-color":"","overlay-gradient":""},"tablet":{"background-color":"var(--ast-global-color-5)","background-image":"","background-repeat":"repeat","background-position":"center center","background-size":"auto","background-attachment":"scroll","background-type":"","background-media":"","overlay-type":"","overlay-color":"","overlay-gradient":""},"mobile":{"background-color":"var(--ast-global-color-5)","background-image":"","background-repeat":"repeat","background-position":"center center","background-size":"auto","background-attachment":"scroll","background-type":"","background-media":"","overlay-type":"","overlay-color":"","overlay-gradient":""}},"footnotes":""},"categories":[46],"tags":[],"class_list":["post-3335","post","type-post","status-publish","format-standard","has-post-thumbnail","hentry","category-ferias-festivales-y-mercados"],"yoast_head":"<!-- This site is optimized with the Yoast SEO plugin v27.1.1 - https:\/\/yoast.com\/product\/yoast-seo-wordpress\/ -->\n<title>Mercat del Ram de Vic: tradici\u00f3n y vida agr\u00edcola<\/title>\n<meta name=\"description\" content=\"Descubre el Mercat del Ram de Vic: una fiesta agr\u00edcola con animales, actividades, deporte y gastronom\u00eda que llena la ciudad de ambiente durante la Semana Santa.\" \/>\n<meta name=\"robots\" content=\"index, follow, max-snippet:-1, max-image-preview:large, max-video-preview:-1\" \/>\n<link rel=\"canonical\" href=\"https:\/\/canpamplona.com\/ca\/mercat-del-ram-vic\/\" \/>\n<meta property=\"og:locale\" content=\"ca_ES\" \/>\n<meta property=\"og:type\" content=\"article\" \/>\n<meta property=\"og:title\" content=\"Mercat del Ram de Vic: tradici\u00f3n y vida agr\u00edcola\" \/>\n<meta property=\"og:description\" content=\"Descubre el Mercat del Ram de Vic: una fiesta agr\u00edcola con animales, actividades, deporte y gastronom\u00eda que llena la ciudad de ambiente durante la Semana Santa.\" \/>\n<meta property=\"og:url\" content=\"https:\/\/canpamplona.com\/ca\/mercat-del-ram-vic\/\" \/>\n<meta property=\"og:site_name\" content=\"Hotel Can Pamplona | Hotel En Vic | Web Oficial\" \/>\n<meta property=\"article:publisher\" content=\"https:\/\/www.facebook.com\/HotelCanPamplona\" \/>\n<meta property=\"article:published_time\" content=\"2023-07-06T09:44:26+00:00\" \/>\n<meta property=\"article:modified_time\" content=\"2025-12-04T08:15:35+00:00\" \/>\n<meta property=\"og:image\" content=\"https:\/\/canpamplona.com\/wp-content\/uploads\/2023\/07\/mercat_del_Ram_Vic_foto_Josep_M_Costa_2017-002.jpg\" \/>\n\t<meta property=\"og:image:width\" content=\"1008\" \/>\n\t<meta property=\"og:image:height\" content=\"706\" \/>\n\t<meta property=\"og:image:type\" content=\"image\/jpeg\" \/>\n<meta name=\"author\" content=\"LittHotels\" \/>\n<meta name=\"twitter:card\" content=\"summary_large_image\" \/>\n<meta name=\"twitter:label1\" content=\"Escrit per\" \/>\n\t<meta name=\"twitter:data1\" content=\"LittHotels\" \/>\n\t<meta name=\"twitter:label2\" content=\"Temps estimat de lectura\" \/>\n\t<meta name=\"twitter:data2\" content=\"6 minuts\" \/>\n<script type=\"application\/ld+json\" class=\"yoast-schema-graph\">{\"@context\":\"https:\/\/schema.org\",\"@graph\":[{\"@type\":\"Article\",\"@id\":\"https:\/\/canpamplona.com\/mercat-del-ram-vic\/#article\",\"isPartOf\":{\"@id\":\"https:\/\/canpamplona.com\/mercat-del-ram-vic\/\"},\"author\":{\"name\":\"LittHotels\",\"@id\":\"\/#\/schema\/person\/816857693f5cc947534e5efea06b46cf\"},\"headline\":\"Mercat del Ram de Vic\",\"datePublished\":\"2023-07-06T09:44:26+00:00\",\"dateModified\":\"2025-12-04T08:15:35+00:00\",\"mainEntityOfPage\":{\"@id\":\"https:\/\/canpamplona.com\/mercat-del-ram-vic\/\"},\"wordCount\":858,\"publisher\":{\"@id\":\"\/#organization\"},\"image\":{\"@id\":\"https:\/\/canpamplona.com\/mercat-del-ram-vic\/#primaryimage\"},\"thumbnailUrl\":\"https:\/\/canpamplona.com\/wp-content\/uploads\/2023\/07\/mercat_del_Ram_Vic_foto_Josep_M_Costa_2017-002.jpg\",\"articleSection\":[\"Ferias, Festivales y Mercados\"],\"inLanguage\":\"ca\"},{\"@type\":\"WebPage\",\"@id\":\"https:\/\/canpamplona.com\/mercat-del-ram-vic\/\",\"url\":\"https:\/\/canpamplona.com\/mercat-del-ram-vic\/\",\"name\":\"Mercat del Ram de Vic: tradici\u00f3n y vida agr\u00edcola\",\"isPartOf\":{\"@id\":\"\/#website\"},\"primaryImageOfPage\":{\"@id\":\"https:\/\/canpamplona.com\/mercat-del-ram-vic\/#primaryimage\"},\"image\":{\"@id\":\"https:\/\/canpamplona.com\/mercat-del-ram-vic\/#primaryimage\"},\"thumbnailUrl\":\"https:\/\/canpamplona.com\/wp-content\/uploads\/2023\/07\/mercat_del_Ram_Vic_foto_Josep_M_Costa_2017-002.jpg\",\"datePublished\":\"2023-07-06T09:44:26+00:00\",\"dateModified\":\"2025-12-04T08:15:35+00:00\",\"description\":\"Descubre el Mercat del Ram de Vic: una fiesta agr\u00edcola con animales, actividades, deporte y gastronom\u00eda que llena la ciudad de ambiente durante la Semana Santa.\",\"breadcrumb\":{\"@id\":\"https:\/\/canpamplona.com\/mercat-del-ram-vic\/#breadcrumb\"},\"inLanguage\":\"ca\",\"potentialAction\":[{\"@type\":\"ReadAction\",\"target\":[\"https:\/\/canpamplona.com\/mercat-del-ram-vic\/\"]}]},{\"@type\":\"ImageObject\",\"inLanguage\":\"ca\",\"@id\":\"https:\/\/canpamplona.com\/mercat-del-ram-vic\/#primaryimage\",\"url\":\"https:\/\/canpamplona.com\/wp-content\/uploads\/2023\/07\/mercat_del_Ram_Vic_foto_Josep_M_Costa_2017-002.jpg\",\"contentUrl\":\"https:\/\/canpamplona.com\/wp-content\/uploads\/2023\/07\/mercat_del_Ram_Vic_foto_Josep_M_Costa_2017-002.jpg\",\"width\":1008,\"height\":706},{\"@type\":\"BreadcrumbList\",\"@id\":\"https:\/\/canpamplona.com\/mercat-del-ram-vic\/#breadcrumb\",\"itemListElement\":[{\"@type\":\"ListItem\",\"position\":1,\"name\":\"Portada\",\"item\":\"https:\/\/canpamplona.com\/\"},{\"@type\":\"ListItem\",\"position\":2,\"name\":\"Mercat del Ram de Vic\"}]},{\"@type\":\"WebSite\",\"@id\":\"\/#website\",\"url\":\"\/\",\"name\":\"Hotel Can Pamplona | Hotel En Vic | Web Oficial\",\"description\":\"Hotel Can Pamplona es un hotel en Vic B&amp;B. Un hotel urbano rehabilitado con un estilo moderno y al precio m\u00e1s econ\u00f3mico. Reserva aqu\u00ed.\",\"publisher\":{\"@id\":\"\/#organization\"},\"potentialAction\":[{\"@type\":\"SearchAction\",\"target\":{\"@type\":\"EntryPoint\",\"urlTemplate\":\"\/?s={search_term_string}\"},\"query-input\":{\"@type\":\"PropertyValueSpecification\",\"valueRequired\":true,\"valueName\":\"search_term_string\"}}],\"inLanguage\":\"ca\"},{\"@type\":\"Organization\",\"@id\":\"\/#organization\",\"name\":\"Hotel Can Pamplona\",\"url\":\"\/\",\"logo\":{\"@type\":\"ImageObject\",\"inLanguage\":\"ca\",\"@id\":\"\/#\/schema\/logo\/image\/\",\"url\":\"https:\/\/canpamplona.com\/wp-content\/uploads\/2025\/03\/LogoCanPamplonatopocolor-02.jpg\",\"contentUrl\":\"https:\/\/canpamplona.com\/wp-content\/uploads\/2025\/03\/LogoCanPamplonatopocolor-02.jpg\",\"width\":2480,\"height\":2480,\"caption\":\"Hotel Can Pamplona\"},\"image\":{\"@id\":\"\/#\/schema\/logo\/image\/\"},\"sameAs\":[\"https:\/\/www.facebook.com\/HotelCanPamplona\",\"https:\/\/www.instagram.com\/hotelcanpamplonavic\/\"]},{\"@type\":\"Person\",\"@id\":\"\/#\/schema\/person\/816857693f5cc947534e5efea06b46cf\",\"name\":\"LittHotels\",\"image\":{\"@type\":\"ImageObject\",\"inLanguage\":\"ca\",\"@id\":\"\/#\/schema\/person\/image\/\",\"url\":\"https:\/\/canpamplona.com\/wp-content\/litespeed\/avatar\/f3cbe4ac27ac09ddf4fbb6c176eac63f.jpg?ver=1777295195\",\"contentUrl\":\"https:\/\/canpamplona.com\/wp-content\/litespeed\/avatar\/f3cbe4ac27ac09ddf4fbb6c176eac63f.jpg?ver=1777295195\",\"caption\":\"LittHotels\"}}]}<\/script>\n<!-- \/ Yoast SEO plugin. -->","yoast_head_json":{"title":"Mercat del Ram de Vic: tradici\u00f3 i vida agr\u00edcola","description":"Descobriu el Mercat del Ram de Vic: una festa agr\u00edcola amb animals, activitats, esport i gastronomia que omple la ciutat d&#039;ambient durant la Setmana Santa.","robots":{"index":"index","follow":"follow","max-snippet":"max-snippet:-1","max-image-preview":"max-image-preview:large","max-video-preview":"max-video-preview:-1"},"canonical":"https:\/\/canpamplona.com\/ca\/mercat-del-ram-vic\/","og_locale":"ca_ES","og_type":"article","og_title":"Mercat del Ram de Vic: tradici\u00f3n y vida agr\u00edcola","og_description":"Descubre el Mercat del Ram de Vic: una fiesta agr\u00edcola con animales, actividades, deporte y gastronom\u00eda que llena la ciudad de ambiente durante la Semana Santa.","og_url":"https:\/\/canpamplona.com\/ca\/mercat-del-ram-vic\/","og_site_name":"Hotel Can Pamplona | Hotel En Vic | Web Oficial","article_publisher":"https:\/\/www.facebook.com\/HotelCanPamplona","article_published_time":"2023-07-06T09:44:26+00:00","article_modified_time":"2025-12-04T08:15:35+00:00","og_image":[{"width":1008,"height":706,"url":"https:\/\/canpamplona.com\/wp-content\/uploads\/2023\/07\/mercat_del_Ram_Vic_foto_Josep_M_Costa_2017-002.jpg","type":"image\/jpeg"}],"author":"LittHotels","twitter_card":"summary_large_image","twitter_misc":{"Escrit per":"LittHotels","Temps estimat de lectura":"6 minuts"},"schema":{"@context":"https:\/\/schema.org","@graph":[{"@type":"Article","@id":"https:\/\/canpamplona.com\/mercat-del-ram-vic\/#article","isPartOf":{"@id":"https:\/\/canpamplona.com\/mercat-del-ram-vic\/"},"author":{"name":"LittHotels","@id":"\/#\/schema\/person\/816857693f5cc947534e5efea06b46cf"},"headline":"Mercat del Ram de Vic","datePublished":"2023-07-06T09:44:26+00:00","dateModified":"2025-12-04T08:15:35+00:00","mainEntityOfPage":{"@id":"https:\/\/canpamplona.com\/mercat-del-ram-vic\/"},"wordCount":858,"publisher":{"@id":"\/#organization"},"image":{"@id":"https:\/\/canpamplona.com\/mercat-del-ram-vic\/#primaryimage"},"thumbnailUrl":"https:\/\/canpamplona.com\/wp-content\/uploads\/2023\/07\/mercat_del_Ram_Vic_foto_Josep_M_Costa_2017-002.jpg","articleSection":["Ferias, Festivales y Mercados"],"inLanguage":"ca"},{"@type":"WebPage","@id":"https:\/\/canpamplona.com\/mercat-del-ram-vic\/","url":"https:\/\/canpamplona.com\/mercat-del-ram-vic\/","name":"Mercat del Ram de Vic: tradici\u00f3 i vida agr\u00edcola","isPartOf":{"@id":"\/#website"},"primaryImageOfPage":{"@id":"https:\/\/canpamplona.com\/mercat-del-ram-vic\/#primaryimage"},"image":{"@id":"https:\/\/canpamplona.com\/mercat-del-ram-vic\/#primaryimage"},"thumbnailUrl":"https:\/\/canpamplona.com\/wp-content\/uploads\/2023\/07\/mercat_del_Ram_Vic_foto_Josep_M_Costa_2017-002.jpg","datePublished":"2023-07-06T09:44:26+00:00","dateModified":"2025-12-04T08:15:35+00:00","description":"Descobriu el Mercat del Ram de Vic: una festa agr\u00edcola amb animals, activitats, esport i gastronomia que omple la ciutat d&#039;ambient durant la Setmana Santa.","breadcrumb":{"@id":"https:\/\/canpamplona.com\/mercat-del-ram-vic\/#breadcrumb"},"inLanguage":"ca","potentialAction":[{"@type":"ReadAction","target":["https:\/\/canpamplona.com\/mercat-del-ram-vic\/"]}]},{"@type":"ImageObject","inLanguage":"ca","@id":"https:\/\/canpamplona.com\/mercat-del-ram-vic\/#primaryimage","url":"https:\/\/canpamplona.com\/wp-content\/uploads\/2023\/07\/mercat_del_Ram_Vic_foto_Josep_M_Costa_2017-002.jpg","contentUrl":"https:\/\/canpamplona.com\/wp-content\/uploads\/2023\/07\/mercat_del_Ram_Vic_foto_Josep_M_Costa_2017-002.jpg","width":1008,"height":706},{"@type":"BreadcrumbList","@id":"https:\/\/canpamplona.com\/mercat-del-ram-vic\/#breadcrumb","itemListElement":[{"@type":"ListItem","position":1,"name":"Portada","item":"https:\/\/canpamplona.com\/"},{"@type":"ListItem","position":2,"name":"Mercat del Ram de Vic"}]},{"@type":"WebSite","@id":"\/#website","url":"\/","name":"Hotel Can Pamplona | Hotel A Vic | Web Oficial","description":"Hotel Can Pamplona \u00e9s un hotel a Vic B&amp;B. Un hotel urb\u00e0 rehabilitat amb un estil modern i al preu m\u00e9s econ\u00f2mic. Reserva aqu\u00ed.","publisher":{"@id":"\/#organization"},"potentialAction":[{"@type":"SearchAction","target":{"@type":"EntryPoint","urlTemplate":"\/?s={search_term_string}"},"query-input":{"@type":"PropertyValueSpecification","valueRequired":true,"valueName":"search_term_string"}}],"inLanguage":"ca"},{"@type":"Organization","@id":"\/#organization","name":"Hotel Can Pamplona","url":"\/","logo":{"@type":"ImageObject","inLanguage":"ca","@id":"\/#\/schema\/logo\/image\/","url":"https:\/\/canpamplona.com\/wp-content\/uploads\/2025\/03\/LogoCanPamplonatopocolor-02.jpg","contentUrl":"https:\/\/canpamplona.com\/wp-content\/uploads\/2025\/03\/LogoCanPamplonatopocolor-02.jpg","width":2480,"height":2480,"caption":"Hotel Can Pamplona"},"image":{"@id":"\/#\/schema\/logo\/image\/"},"sameAs":["https:\/\/www.facebook.com\/HotelCanPamplona","https:\/\/www.instagram.com\/hotelcanpamplonavic\/"]},{"@type":"Person","@id":"\/#\/schema\/person\/816857693f5cc947534e5efea06b46cf","name":"LittHotels","image":{"@type":"ImageObject","inLanguage":"ca","@id":"\/#\/schema\/person\/image\/","url":"https:\/\/canpamplona.com\/wp-content\/litespeed\/avatar\/f3cbe4ac27ac09ddf4fbb6c176eac63f.jpg?ver=1777295195","contentUrl":"https:\/\/canpamplona.com\/wp-content\/litespeed\/avatar\/f3cbe4ac27ac09ddf4fbb6c176eac63f.jpg?ver=1777295195","caption":"LittHotels"}}]}},"_links":{"self":[{"href":"https:\/\/canpamplona.com\/ca\/wp-json\/wp\/v2\/posts\/3335","targetHints":{"allow":["GET"]}}],"collection":[{"href":"https:\/\/canpamplona.com\/ca\/wp-json\/wp\/v2\/posts"}],"about":[{"href":"https:\/\/canpamplona.com\/ca\/wp-json\/wp\/v2\/types\/post"}],"author":[{"embeddable":true,"href":"https:\/\/canpamplona.com\/ca\/wp-json\/wp\/v2\/users\/2"}],"replies":[{"embeddable":true,"href":"https:\/\/canpamplona.com\/ca\/wp-json\/wp\/v2\/comments?post=3335"}],"version-history":[{"count":52,"href":"https:\/\/canpamplona.com\/ca\/wp-json\/wp\/v2\/posts\/3335\/revisions"}],"predecessor-version":[{"id":3733,"href":"https:\/\/canpamplona.com\/ca\/wp-json\/wp\/v2\/posts\/3335\/revisions\/3733"}],"wp:featuredmedia":[{"embeddable":true,"href":"https:\/\/canpamplona.com\/ca\/wp-json\/wp\/v2\/media\/3702"}],"wp:attachment":[{"href":"https:\/\/canpamplona.com\/ca\/wp-json\/wp\/v2\/media?parent=3335"}],"wp:term":[{"taxonomy":"category","embeddable":true,"href":"https:\/\/canpamplona.com\/ca\/wp-json\/wp\/v2\/categories?post=3335"},{"taxonomy":"post_tag","embeddable":true,"href":"https:\/\/canpamplona.com\/ca\/wp-json\/wp\/v2\/tags?post=3335"}],"curies":[{"name":"wp","href":"https:\/\/api.w.org\/{rel}","templated":true}]}}