{"id":3603,"date":"2024-02-02T11:45:20","date_gmt":"2024-02-02T11:45:20","guid":{"rendered":"https:\/\/canpamplona.com\/?p=3603"},"modified":"2025-12-04T08:12:39","modified_gmt":"2025-12-04T08:12:39","slug":"apuntes-gastronomicos-y-la-feria-trufforum-de-vic","status":"publish","type":"post","link":"https:\/\/canpamplona.com\/ca\/apuntes-gastronomicos-y-la-feria-trufforum-de-vic\/","title":{"rendered":"Apunts gastron\u00f2mics i la fira \u201cTrufforum\u201d de Vic"},"content":{"rendered":"<h1 class=\"wp-block-heading\">Apunts gastron\u00f2mics i la fira \u201cTrufforum\u201d de Vic<\/h1>\n\n\n\n<p>Osona, amb Vic com a capital, posa al nostre abast molt\u00edssims restaurants, m\u00e9s de cinc-cents, on poder degustar la cuina aut\u00f2ctona de la zona. A les seves cartes podrem veure infinitat de plats on s&#039;inclouen molts productes propis de la regi\u00f3, de gran qualitat i sabor immillorable.<\/p>\n\n\n\n<p>La cuina sempre ha estat un punt clau quan es parla d&#039;Osona, per aix\u00f2 hi ha un col\u00b7lectiu que es dedica a la promoci\u00f3 de la cuina de la regi\u00f3: \u201cOsona Cuina\u201d.<\/p>\n\n\n\n<p>La gran tradici\u00f3 culin\u00e0ria est\u00e0 assegurada a m\u00e9s gr\u00e0cies a l&#039;Escola d&#039;hostaleria d&#039;Osona, a Tona, on s&#039;imparteixen cursos de cicle formatiu mitj\u00e0 de cuina. Si tens curiositat per saber com cuinen i com es mouen els alumnes, pren nota ja que disposa de restaurant obert al p\u00fablic.<\/p>\n\n\n\n<figure class=\"wp-block-image aligncenter size-large is-resized\"><img loading=\"lazy\" decoding=\"async\" src=\"http:\/\/canpamplona.com\/wp-content\/uploads\/2024\/02\/plato_trufa_3-1024x576.jpg\" alt=\"\" class=\"wp-image-3604\" width=\"689\" height=\"387\" srcset=\"https:\/\/canpamplona.com\/wp-content\/uploads\/2024\/02\/plato_trufa_3-1024x576.jpg 1024w, https:\/\/canpamplona.com\/wp-content\/uploads\/2024\/02\/plato_trufa_3-300x169.jpg 300w, https:\/\/canpamplona.com\/wp-content\/uploads\/2024\/02\/plato_trufa_3-768x432.jpg 768w, https:\/\/canpamplona.com\/wp-content\/uploads\/2024\/02\/plato_trufa_3-1536x864.jpg 1536w, https:\/\/canpamplona.com\/wp-content\/uploads\/2024\/02\/plato_trufa_3-18x10.jpg 18w, https:\/\/canpamplona.com\/wp-content\/uploads\/2024\/02\/plato_trufa_3-600x338.jpg 600w, https:\/\/canpamplona.com\/wp-content\/uploads\/2024\/02\/plato_trufa_3.jpg 1920w\" sizes=\"auto, (max-width: 689px) 100vw, 689px\" \/><\/figure>\n\n\n\n<p>GASTRONOMIA I CULTURA<\/p>\n\n\n\n<p>\u201cOsona Cuina\u201d organitza rutes que combinen cultura i gastronomia, te&#039;n recomanem algunes, com: La ruta del rom\u00e0nic per la ciutat de Vic, a m\u00e9s d&#039;una ruta per descobrir les joies del rom\u00e0nic, l&#039;activitat inclou un esmorzar en alguns dels principals restaurants de la localitat.<\/p>\n\n\n\n<figure class=\"wp-block-image aligncenter size-large is-resized\"><img loading=\"lazy\" decoding=\"async\" src=\"http:\/\/canpamplona.com\/wp-content\/uploads\/2024\/02\/Mercado-de-la-trufa_14-1024x683.jpg\" alt=\"\" class=\"wp-image-3605\" width=\"702\" height=\"468\" srcset=\"https:\/\/canpamplona.com\/wp-content\/uploads\/2024\/02\/Mercado-de-la-trufa_14-1024x683.jpg 1024w, https:\/\/canpamplona.com\/wp-content\/uploads\/2024\/02\/Mercado-de-la-trufa_14-300x200.jpg 300w, https:\/\/canpamplona.com\/wp-content\/uploads\/2024\/02\/Mercado-de-la-trufa_14-768x512.jpg 768w, https:\/\/canpamplona.com\/wp-content\/uploads\/2024\/02\/Mercado-de-la-trufa_14-1536x1024.jpg 1536w, https:\/\/canpamplona.com\/wp-content\/uploads\/2024\/02\/Mercado-de-la-trufa_14-18x12.jpg 18w, https:\/\/canpamplona.com\/wp-content\/uploads\/2024\/02\/Mercado-de-la-trufa_14-600x400.jpg 600w, https:\/\/canpamplona.com\/wp-content\/uploads\/2024\/02\/Mercado-de-la-trufa_14.jpg 1800w\" sizes=\"auto, (max-width: 702px) 100vw, 702px\" \/><\/figure>\n\n\n\n<h2 class=\"wp-block-heading\">QU\u00c8 DEFINEIX LA CUINA D&#039;OSONA?<\/h2>\n\n\n\n<p>Quan pensem en Vic i Osona en general, ens v\u00e9nen al capdavant tota una varietat deliciosa d&#039;embotits, elaborats amb molta cura i amb les millors mat\u00e8ries primeres. El fuet al costat de morcons, sobrassades, xori\u00e7os, botifarres fresques, la t\u00f2fona i un llarg etc\u00e8tera de delicioses propostes no pot faltar a la teva llista dels Musts a degustar.<\/p>\n\n\n\n<p>Ara b\u00e9, la cuina de la zona no es caracteritza nom\u00e9s per la producci\u00f3 d&#039;embotit, sin\u00f3 que \u00e9s molt m\u00e9s rica i diversa.<\/p>\n\n\n\n<p>Destaquen plats elaborats amb carn de ca\u00e7a i de porc, moltes vegades acompanyats per productes exquisits t\u00edpics d&#039;aquesta terra, com ho s\u00f3n la t\u00f2fona, els bolets, la patata del bufet i les mongetes de Collsacabra.<\/p>\n\n\n\n<h2 class=\"wp-block-heading\">FIRA \u00abTRUFFORUM\u00bb de VIC \u2013 2024<\/h2>\n\n\n\n<p>Explora el captivador m\u00f3n de la t\u00f2fona durant el mes de febrer a Vic, on es dur\u00e0 a terme Trufforum, una iniciativa de cooperaci\u00f3 internacional recolzada per l&#039;European Mycological Institute (EMI), de l&#039;1 al 4 de febrer. Des de la creaci\u00f3 pels socis de l&#039;EMI el 2017, TRUFFORUM s&#039;ha consolidat com el principal f\u00f2rum de cooperaci\u00f3 internacional per a l&#039;intercanvi de coneixement cient\u00edfic, trobada sectorial i promoci\u00f3 de l&#039;\u00fas responsable de la t\u00f2fona.<\/p>\n\n\n\n<figure class=\"wp-block-image aligncenter size-large is-resized\"><img loading=\"lazy\" decoding=\"async\" src=\"http:\/\/canpamplona.com\/wp-content\/uploads\/2024\/02\/Campeonato-de-perros_20-1024x683.jpg\" alt=\"\" class=\"wp-image-3607\" width=\"681\" height=\"454\" srcset=\"https:\/\/canpamplona.com\/wp-content\/uploads\/2024\/02\/Campeonato-de-perros_20-1024x683.jpg 1024w, https:\/\/canpamplona.com\/wp-content\/uploads\/2024\/02\/Campeonato-de-perros_20-300x200.jpg 300w, https:\/\/canpamplona.com\/wp-content\/uploads\/2024\/02\/Campeonato-de-perros_20-768x512.jpg 768w, https:\/\/canpamplona.com\/wp-content\/uploads\/2024\/02\/Campeonato-de-perros_20-1536x1024.jpg 1536w, https:\/\/canpamplona.com\/wp-content\/uploads\/2024\/02\/Campeonato-de-perros_20-18x12.jpg 18w, https:\/\/canpamplona.com\/wp-content\/uploads\/2024\/02\/Campeonato-de-perros_20-600x400.jpg 600w, https:\/\/canpamplona.com\/wp-content\/uploads\/2024\/02\/Campeonato-de-perros_20.jpg 1800w\" sizes=\"auto, (max-width: 681px) 100vw, 681px\" \/><\/figure>\n\n\n\n<p>Aquesta celebraci\u00f3 anual t\u00e9 com a objectiu primordial promoure l&#039;\u00fas responsable de la t\u00f2fona europea tant a cuines dom\u00e8stiques com a professionals. Convertit en un referent internacional per a professionals i aficionats a la t\u00f2fona, Trufforum s&#039;erigeix com una trobada anual que busca difondre al m\u00e0xim els valors i la cultura associats a aquesta deliciosa exquisidesa.<\/p>\n\n\n\n<p>No perdis l&#039;oportunitat i uneix-te a nosaltres per explorar les meravelles subterr\u00e0nies i descobrir-ho tot sobre la t\u00f2fona en aquesta inigualable trobada. Benvingut a Trufforum! Descobreix els secrets m\u00e9s ben guardats de la t\u00f2fona mentre participes en emocionants esdeveniments i activitats educatives.<\/p>\n\n\n\n<p><a href=\"\/ca\/%20trufforum.com\/vic\/\" target=\"_blank\" rel=\"noreferrer noopener\">fotos: trufforum.com\/vic<\/a><\/p>","protected":false},"excerpt":{"rendered":"<p>Apuntes gastron\u00f3micos y la feria \u201cTrufforum\u201d de Vic Osona, con Vic como capital, pone a nuestro alcance much\u00edsimos restaurantes, m\u00e1s de quinientos, d\u00f3nde poder degustar la cocina aut\u00f3ctona de la zona. En sus cartas podremos ver infinidad de platos en la que se incluyen muchos productos propios de la regi\u00f3n, de gran calidad y sabor [&hellip;]<\/p>\n","protected":false},"author":2,"featured_media":3606,"comment_status":"closed","ping_status":"closed","sticky":false,"template":"","format":"standard","meta":{"site-sidebar-layout":"default","site-content-layout":"","ast-site-content-layout":"default","site-content-style":"default","site-sidebar-style":"default","ast-global-header-display":"","ast-banner-title-visibility":"","ast-main-header-display":"","ast-hfb-above-header-display":"","ast-hfb-below-header-display":"","ast-hfb-mobile-header-display":"","site-post-title":"disabled","ast-breadcrumbs-content":"","ast-featured-img":"disabled","footer-sml-layout":"","theme-transparent-header-meta":"","adv-header-id-meta":"","stick-header-meta":"","header-above-stick-meta":"","header-main-stick-meta":"","header-below-stick-meta":"","astra-migrate-meta-layouts":"set","ast-page-background-enabled":"default","ast-page-background-meta":{"desktop":{"background-color":"","background-image":"","background-repeat":"repeat","background-position":"center center","background-size":"auto","background-attachment":"scroll","background-type":"","background-media":"","overlay-type":"","overlay-color":"","overlay-gradient":""},"tablet":{"background-color":"","background-image":"","background-repeat":"repeat","background-position":"center center","background-size":"auto","background-attachment":"scroll","background-type":"","background-media":"","overlay-type":"","overlay-color":"","overlay-gradient":""},"mobile":{"background-color":"","background-image":"","background-repeat":"repeat","background-position":"center center","background-size":"auto","background-attachment":"scroll","background-type":"","background-media":"","overlay-type":"","overlay-color":"","overlay-gradient":""}},"ast-content-background-meta":{"desktop":{"background-color":"var(--ast-global-color-5)","background-image":"","background-repeat":"repeat","background-position":"center center","background-size":"auto","background-attachment":"scroll","background-type":"","background-media":"","overlay-type":"","overlay-color":"","overlay-gradient":""},"tablet":{"background-color":"var(--ast-global-color-5)","background-image":"","background-repeat":"repeat","background-position":"center center","background-size":"auto","background-attachment":"scroll","background-type":"","background-media":"","overlay-type":"","overlay-color":"","overlay-gradient":""},"mobile":{"background-color":"var(--ast-global-color-5)","background-image":"","background-repeat":"repeat","background-position":"center center","background-size":"auto","background-attachment":"scroll","background-type":"","background-media":"","overlay-type":"","overlay-color":"","overlay-gradient":""}},"footnotes":""},"categories":[46],"tags":[],"class_list":["post-3603","post","type-post","status-publish","format-standard","has-post-thumbnail","hentry","category-ferias-festivales-y-mercados"],"yoast_head":"<!-- This site is optimized with the Yoast SEO plugin v27.1.1 - https:\/\/yoast.com\/product\/yoast-seo-wordpress\/ -->\n<title>Trufforum Vic: feria gastron\u00f3mica de la trufa<\/title>\n<meta name=\"description\" content=\"Descubre Trufforum en Vic: una feria gastron\u00f3mica dedicada a la trufa, con talleres, degustaciones y actividades para disfrutar de la cocina local.\" \/>\n<meta name=\"robots\" content=\"index, follow, max-snippet:-1, max-image-preview:large, max-video-preview:-1\" \/>\n<link rel=\"canonical\" href=\"https:\/\/canpamplona.com\/ca\/apuntes-gastronomicos-y-la-feria-trufforum-de-vic\/\" \/>\n<meta property=\"og:locale\" content=\"ca_ES\" \/>\n<meta property=\"og:type\" content=\"article\" \/>\n<meta property=\"og:title\" content=\"Trufforum Vic: feria gastron\u00f3mica de la trufa\" \/>\n<meta property=\"og:description\" content=\"Descubre Trufforum en Vic: una feria gastron\u00f3mica dedicada a la trufa, con talleres, degustaciones y actividades para disfrutar de la cocina local.\" \/>\n<meta property=\"og:url\" content=\"https:\/\/canpamplona.com\/ca\/apuntes-gastronomicos-y-la-feria-trufforum-de-vic\/\" \/>\n<meta property=\"og:site_name\" content=\"Hotel Can Pamplona | Hotel En Vic | Web Oficial\" \/>\n<meta property=\"article:publisher\" content=\"https:\/\/www.facebook.com\/HotelCanPamplona\" \/>\n<meta property=\"article:published_time\" content=\"2024-02-02T11:45:20+00:00\" \/>\n<meta property=\"article:modified_time\" content=\"2025-12-04T08:12:39+00:00\" \/>\n<meta property=\"og:image\" content=\"https:\/\/canpamplona.com\/wp-content\/uploads\/2024\/02\/Mercado-de-la-trufa_05.jpg\" \/>\n\t<meta property=\"og:image:width\" content=\"1800\" \/>\n\t<meta property=\"og:image:height\" content=\"1200\" \/>\n\t<meta property=\"og:image:type\" content=\"image\/jpeg\" \/>\n<meta name=\"author\" content=\"LittHotels\" \/>\n<meta name=\"twitter:card\" content=\"summary_large_image\" \/>\n<meta name=\"twitter:label1\" content=\"Escrit per\" \/>\n\t<meta name=\"twitter:data1\" content=\"LittHotels\" \/>\n\t<meta name=\"twitter:label2\" content=\"Temps estimat de lectura\" \/>\n\t<meta name=\"twitter:data2\" content=\"4 minuts\" \/>\n<script type=\"application\/ld+json\" class=\"yoast-schema-graph\">{\"@context\":\"https:\/\/schema.org\",\"@graph\":[{\"@type\":\"Article\",\"@id\":\"https:\/\/canpamplona.com\/apuntes-gastronomicos-y-la-feria-trufforum-de-vic\/#article\",\"isPartOf\":{\"@id\":\"https:\/\/canpamplona.com\/apuntes-gastronomicos-y-la-feria-trufforum-de-vic\/\"},\"author\":{\"name\":\"LittHotels\",\"@id\":\"\/#\/schema\/person\/816857693f5cc947534e5efea06b46cf\"},\"headline\":\"Apuntes gastron\u00f3micos y la feria \u201cTrufforum\u201d de Vic\",\"datePublished\":\"2024-02-02T11:45:20+00:00\",\"dateModified\":\"2025-12-04T08:12:39+00:00\",\"mainEntityOfPage\":{\"@id\":\"https:\/\/canpamplona.com\/apuntes-gastronomicos-y-la-feria-trufforum-de-vic\/\"},\"wordCount\":536,\"publisher\":{\"@id\":\"\/#organization\"},\"image\":{\"@id\":\"https:\/\/canpamplona.com\/apuntes-gastronomicos-y-la-feria-trufforum-de-vic\/#primaryimage\"},\"thumbnailUrl\":\"https:\/\/canpamplona.com\/wp-content\/uploads\/2024\/02\/Mercado-de-la-trufa_05.jpg\",\"articleSection\":[\"Ferias, Festivales y Mercados\"],\"inLanguage\":\"ca\"},{\"@type\":\"WebPage\",\"@id\":\"https:\/\/canpamplona.com\/apuntes-gastronomicos-y-la-feria-trufforum-de-vic\/\",\"url\":\"https:\/\/canpamplona.com\/apuntes-gastronomicos-y-la-feria-trufforum-de-vic\/\",\"name\":\"Trufforum Vic: feria gastron\u00f3mica de la trufa\",\"isPartOf\":{\"@id\":\"\/#website\"},\"primaryImageOfPage\":{\"@id\":\"https:\/\/canpamplona.com\/apuntes-gastronomicos-y-la-feria-trufforum-de-vic\/#primaryimage\"},\"image\":{\"@id\":\"https:\/\/canpamplona.com\/apuntes-gastronomicos-y-la-feria-trufforum-de-vic\/#primaryimage\"},\"thumbnailUrl\":\"https:\/\/canpamplona.com\/wp-content\/uploads\/2024\/02\/Mercado-de-la-trufa_05.jpg\",\"datePublished\":\"2024-02-02T11:45:20+00:00\",\"dateModified\":\"2025-12-04T08:12:39+00:00\",\"description\":\"Descubre Trufforum en Vic: una feria gastron\u00f3mica dedicada a la trufa, con talleres, degustaciones y actividades para disfrutar de la cocina local.\",\"breadcrumb\":{\"@id\":\"https:\/\/canpamplona.com\/apuntes-gastronomicos-y-la-feria-trufforum-de-vic\/#breadcrumb\"},\"inLanguage\":\"ca\",\"potentialAction\":[{\"@type\":\"ReadAction\",\"target\":[\"https:\/\/canpamplona.com\/apuntes-gastronomicos-y-la-feria-trufforum-de-vic\/\"]}]},{\"@type\":\"ImageObject\",\"inLanguage\":\"ca\",\"@id\":\"https:\/\/canpamplona.com\/apuntes-gastronomicos-y-la-feria-trufforum-de-vic\/#primaryimage\",\"url\":\"https:\/\/canpamplona.com\/wp-content\/uploads\/2024\/02\/Mercado-de-la-trufa_05.jpg\",\"contentUrl\":\"https:\/\/canpamplona.com\/wp-content\/uploads\/2024\/02\/Mercado-de-la-trufa_05.jpg\",\"width\":1800,\"height\":1200},{\"@type\":\"BreadcrumbList\",\"@id\":\"https:\/\/canpamplona.com\/apuntes-gastronomicos-y-la-feria-trufforum-de-vic\/#breadcrumb\",\"itemListElement\":[{\"@type\":\"ListItem\",\"position\":1,\"name\":\"Portada\",\"item\":\"https:\/\/canpamplona.com\/\"},{\"@type\":\"ListItem\",\"position\":2,\"name\":\"Apuntes gastron\u00f3micos y la feria \u201cTrufforum\u201d de Vic\"}]},{\"@type\":\"WebSite\",\"@id\":\"\/#website\",\"url\":\"\/\",\"name\":\"Hotel Can Pamplona | Hotel En Vic | Web Oficial\",\"description\":\"Hotel Can Pamplona es un hotel en Vic B&amp;B. Un hotel urbano rehabilitado con un estilo moderno y al precio m\u00e1s econ\u00f3mico. Reserva aqu\u00ed.\",\"publisher\":{\"@id\":\"\/#organization\"},\"potentialAction\":[{\"@type\":\"SearchAction\",\"target\":{\"@type\":\"EntryPoint\",\"urlTemplate\":\"\/?s={search_term_string}\"},\"query-input\":{\"@type\":\"PropertyValueSpecification\",\"valueRequired\":true,\"valueName\":\"search_term_string\"}}],\"inLanguage\":\"ca\"},{\"@type\":\"Organization\",\"@id\":\"\/#organization\",\"name\":\"Hotel Can Pamplona\",\"url\":\"\/\",\"logo\":{\"@type\":\"ImageObject\",\"inLanguage\":\"ca\",\"@id\":\"\/#\/schema\/logo\/image\/\",\"url\":\"https:\/\/canpamplona.com\/wp-content\/uploads\/2025\/03\/LogoCanPamplonatopocolor-02.jpg\",\"contentUrl\":\"https:\/\/canpamplona.com\/wp-content\/uploads\/2025\/03\/LogoCanPamplonatopocolor-02.jpg\",\"width\":2480,\"height\":2480,\"caption\":\"Hotel Can Pamplona\"},\"image\":{\"@id\":\"\/#\/schema\/logo\/image\/\"},\"sameAs\":[\"https:\/\/www.facebook.com\/HotelCanPamplona\",\"https:\/\/www.instagram.com\/hotelcanpamplonavic\/\"]},{\"@type\":\"Person\",\"@id\":\"\/#\/schema\/person\/816857693f5cc947534e5efea06b46cf\",\"name\":\"LittHotels\",\"image\":{\"@type\":\"ImageObject\",\"inLanguage\":\"ca\",\"@id\":\"\/#\/schema\/person\/image\/\",\"url\":\"https:\/\/canpamplona.com\/wp-content\/litespeed\/avatar\/f3cbe4ac27ac09ddf4fbb6c176eac63f.jpg?ver=1777295195\",\"contentUrl\":\"https:\/\/canpamplona.com\/wp-content\/litespeed\/avatar\/f3cbe4ac27ac09ddf4fbb6c176eac63f.jpg?ver=1777295195\",\"caption\":\"LittHotels\"}}]}<\/script>\n<!-- \/ Yoast SEO plugin. -->","yoast_head_json":{"title":"Trufforum Vic: fira gastron\u00f2mica de la t\u00f2fona","description":"Descobreix Trufforum a Vic: una fira gastron\u00f2mica dedicada a la t\u00f2fona, amb tallers, degustacions i activitats per gaudir de la cuina local.","robots":{"index":"index","follow":"follow","max-snippet":"max-snippet:-1","max-image-preview":"max-image-preview:large","max-video-preview":"max-video-preview:-1"},"canonical":"https:\/\/canpamplona.com\/ca\/apuntes-gastronomicos-y-la-feria-trufforum-de-vic\/","og_locale":"ca_ES","og_type":"article","og_title":"Trufforum Vic: feria gastron\u00f3mica de la trufa","og_description":"Descubre Trufforum en Vic: una feria gastron\u00f3mica dedicada a la trufa, con talleres, degustaciones y actividades para disfrutar de la cocina local.","og_url":"https:\/\/canpamplona.com\/ca\/apuntes-gastronomicos-y-la-feria-trufforum-de-vic\/","og_site_name":"Hotel Can Pamplona | Hotel En Vic | Web Oficial","article_publisher":"https:\/\/www.facebook.com\/HotelCanPamplona","article_published_time":"2024-02-02T11:45:20+00:00","article_modified_time":"2025-12-04T08:12:39+00:00","og_image":[{"width":1800,"height":1200,"url":"https:\/\/canpamplona.com\/wp-content\/uploads\/2024\/02\/Mercado-de-la-trufa_05.jpg","type":"image\/jpeg"}],"author":"LittHotels","twitter_card":"summary_large_image","twitter_misc":{"Escrit per":"LittHotels","Temps estimat de lectura":"4 minuts"},"schema":{"@context":"https:\/\/schema.org","@graph":[{"@type":"Article","@id":"https:\/\/canpamplona.com\/apuntes-gastronomicos-y-la-feria-trufforum-de-vic\/#article","isPartOf":{"@id":"https:\/\/canpamplona.com\/apuntes-gastronomicos-y-la-feria-trufforum-de-vic\/"},"author":{"name":"LittHotels","@id":"\/#\/schema\/person\/816857693f5cc947534e5efea06b46cf"},"headline":"Apuntes gastron\u00f3micos y la feria \u201cTrufforum\u201d de Vic","datePublished":"2024-02-02T11:45:20+00:00","dateModified":"2025-12-04T08:12:39+00:00","mainEntityOfPage":{"@id":"https:\/\/canpamplona.com\/apuntes-gastronomicos-y-la-feria-trufforum-de-vic\/"},"wordCount":536,"publisher":{"@id":"\/#organization"},"image":{"@id":"https:\/\/canpamplona.com\/apuntes-gastronomicos-y-la-feria-trufforum-de-vic\/#primaryimage"},"thumbnailUrl":"https:\/\/canpamplona.com\/wp-content\/uploads\/2024\/02\/Mercado-de-la-trufa_05.jpg","articleSection":["Ferias, Festivales y Mercados"],"inLanguage":"ca"},{"@type":"WebPage","@id":"https:\/\/canpamplona.com\/apuntes-gastronomicos-y-la-feria-trufforum-de-vic\/","url":"https:\/\/canpamplona.com\/apuntes-gastronomicos-y-la-feria-trufforum-de-vic\/","name":"Trufforum Vic: fira gastron\u00f2mica de la t\u00f2fona","isPartOf":{"@id":"\/#website"},"primaryImageOfPage":{"@id":"https:\/\/canpamplona.com\/apuntes-gastronomicos-y-la-feria-trufforum-de-vic\/#primaryimage"},"image":{"@id":"https:\/\/canpamplona.com\/apuntes-gastronomicos-y-la-feria-trufforum-de-vic\/#primaryimage"},"thumbnailUrl":"https:\/\/canpamplona.com\/wp-content\/uploads\/2024\/02\/Mercado-de-la-trufa_05.jpg","datePublished":"2024-02-02T11:45:20+00:00","dateModified":"2025-12-04T08:12:39+00:00","description":"Descobreix Trufforum a Vic: una fira gastron\u00f2mica dedicada a la t\u00f2fona, amb tallers, degustacions i activitats per gaudir de la cuina local.","breadcrumb":{"@id":"https:\/\/canpamplona.com\/apuntes-gastronomicos-y-la-feria-trufforum-de-vic\/#breadcrumb"},"inLanguage":"ca","potentialAction":[{"@type":"ReadAction","target":["https:\/\/canpamplona.com\/apuntes-gastronomicos-y-la-feria-trufforum-de-vic\/"]}]},{"@type":"ImageObject","inLanguage":"ca","@id":"https:\/\/canpamplona.com\/apuntes-gastronomicos-y-la-feria-trufforum-de-vic\/#primaryimage","url":"https:\/\/canpamplona.com\/wp-content\/uploads\/2024\/02\/Mercado-de-la-trufa_05.jpg","contentUrl":"https:\/\/canpamplona.com\/wp-content\/uploads\/2024\/02\/Mercado-de-la-trufa_05.jpg","width":1800,"height":1200},{"@type":"BreadcrumbList","@id":"https:\/\/canpamplona.com\/apuntes-gastronomicos-y-la-feria-trufforum-de-vic\/#breadcrumb","itemListElement":[{"@type":"ListItem","position":1,"name":"Portada","item":"https:\/\/canpamplona.com\/"},{"@type":"ListItem","position":2,"name":"Apuntes gastron\u00f3micos y la feria \u201cTrufforum\u201d de Vic"}]},{"@type":"WebSite","@id":"\/#website","url":"\/","name":"Hotel Can Pamplona | Hotel A Vic | Web Oficial","description":"Hotel Can Pamplona \u00e9s un hotel a Vic B&amp;B. Un hotel urb\u00e0 rehabilitat amb un estil modern i al preu m\u00e9s econ\u00f2mic. Reserva aqu\u00ed.","publisher":{"@id":"\/#organization"},"potentialAction":[{"@type":"SearchAction","target":{"@type":"EntryPoint","urlTemplate":"\/?s={search_term_string}"},"query-input":{"@type":"PropertyValueSpecification","valueRequired":true,"valueName":"search_term_string"}}],"inLanguage":"ca"},{"@type":"Organization","@id":"\/#organization","name":"Hotel Can Pamplona","url":"\/","logo":{"@type":"ImageObject","inLanguage":"ca","@id":"\/#\/schema\/logo\/image\/","url":"https:\/\/canpamplona.com\/wp-content\/uploads\/2025\/03\/LogoCanPamplonatopocolor-02.jpg","contentUrl":"https:\/\/canpamplona.com\/wp-content\/uploads\/2025\/03\/LogoCanPamplonatopocolor-02.jpg","width":2480,"height":2480,"caption":"Hotel Can Pamplona"},"image":{"@id":"\/#\/schema\/logo\/image\/"},"sameAs":["https:\/\/www.facebook.com\/HotelCanPamplona","https:\/\/www.instagram.com\/hotelcanpamplonavic\/"]},{"@type":"Person","@id":"\/#\/schema\/person\/816857693f5cc947534e5efea06b46cf","name":"LittHotels","image":{"@type":"ImageObject","inLanguage":"ca","@id":"\/#\/schema\/person\/image\/","url":"https:\/\/canpamplona.com\/wp-content\/litespeed\/avatar\/f3cbe4ac27ac09ddf4fbb6c176eac63f.jpg?ver=1777295195","contentUrl":"https:\/\/canpamplona.com\/wp-content\/litespeed\/avatar\/f3cbe4ac27ac09ddf4fbb6c176eac63f.jpg?ver=1777295195","caption":"LittHotels"}}]}},"_links":{"self":[{"href":"https:\/\/canpamplona.com\/ca\/wp-json\/wp\/v2\/posts\/3603","targetHints":{"allow":["GET"]}}],"collection":[{"href":"https:\/\/canpamplona.com\/ca\/wp-json\/wp\/v2\/posts"}],"about":[{"href":"https:\/\/canpamplona.com\/ca\/wp-json\/wp\/v2\/types\/post"}],"author":[{"embeddable":true,"href":"https:\/\/canpamplona.com\/ca\/wp-json\/wp\/v2\/users\/2"}],"replies":[{"embeddable":true,"href":"https:\/\/canpamplona.com\/ca\/wp-json\/wp\/v2\/comments?post=3603"}],"version-history":[{"count":4,"href":"https:\/\/canpamplona.com\/ca\/wp-json\/wp\/v2\/posts\/3603\/revisions"}],"predecessor-version":[{"id":4104,"href":"https:\/\/canpamplona.com\/ca\/wp-json\/wp\/v2\/posts\/3603\/revisions\/4104"}],"wp:featuredmedia":[{"embeddable":true,"href":"https:\/\/canpamplona.com\/ca\/wp-json\/wp\/v2\/media\/3606"}],"wp:attachment":[{"href":"https:\/\/canpamplona.com\/ca\/wp-json\/wp\/v2\/media?parent=3603"}],"wp:term":[{"taxonomy":"category","embeddable":true,"href":"https:\/\/canpamplona.com\/ca\/wp-json\/wp\/v2\/categories?post=3603"},{"taxonomy":"post_tag","embeddable":true,"href":"https:\/\/canpamplona.com\/ca\/wp-json\/wp\/v2\/tags?post=3603"}],"curies":[{"name":"wp","href":"https:\/\/api.w.org\/{rel}","templated":true}]}}