{"id":3603,"date":"2024-02-02T11:45:20","date_gmt":"2024-02-02T11:45:20","guid":{"rendered":"https:\/\/canpamplona.com\/?p=3603"},"modified":"2025-12-04T08:12:39","modified_gmt":"2025-12-04T08:12:39","slug":"apuntes-gastronomicos-y-la-feria-trufforum-de-vic","status":"publish","type":"post","link":"https:\/\/canpamplona.com\/en\/apuntes-gastronomicos-y-la-feria-trufforum-de-vic\/","title":{"rendered":"Gastronomic notes and the \u201cTrufforum\u201d fair in Vic"},"content":{"rendered":"<h1 class=\"wp-block-heading\">Gastronomic notes and the \u201cTrufforum\u201d fair in Vic<\/h1>\n\n\n\n<p>Osona, with Vic as its capital, offers us many restaurants, more than five hundred, where we can taste the local cuisine of the area. In their menus we can see countless dishes that include many products from the region, of great quality and unbeatable flavor.<\/p>\n\n\n\n<p>Cuisine has always been a key point when talking about Osona, hence there is a group dedicated to promoting the region&#039;s cuisine: \u201cOsona Cuina\u201d.<\/p>\n\n\n\n<p>The great culinary tradition is also ensured thanks to the Osona Hospitality School, in Tona, where medium training cycle cooking courses are taught. If you are curious to know how the students cook and how they perform, take note as they have a restaurant open to the public.<\/p>\n\n\n\n<figure class=\"wp-block-image aligncenter size-large is-resized\"><img loading=\"lazy\" decoding=\"async\" src=\"http:\/\/canpamplona.com\/wp-content\/uploads\/2024\/02\/plato_trufa_3-1024x576.jpg\" alt=\"\" class=\"wp-image-3604\" width=\"689\" height=\"387\" srcset=\"https:\/\/canpamplona.com\/wp-content\/uploads\/2024\/02\/plato_trufa_3-1024x576.jpg 1024w, https:\/\/canpamplona.com\/wp-content\/uploads\/2024\/02\/plato_trufa_3-300x169.jpg 300w, https:\/\/canpamplona.com\/wp-content\/uploads\/2024\/02\/plato_trufa_3-768x432.jpg 768w, https:\/\/canpamplona.com\/wp-content\/uploads\/2024\/02\/plato_trufa_3-1536x864.jpg 1536w, https:\/\/canpamplona.com\/wp-content\/uploads\/2024\/02\/plato_trufa_3-18x10.jpg 18w, https:\/\/canpamplona.com\/wp-content\/uploads\/2024\/02\/plato_trufa_3-600x338.jpg 600w, https:\/\/canpamplona.com\/wp-content\/uploads\/2024\/02\/plato_trufa_3.jpg 1920w\" sizes=\"auto, (max-width: 689px) 100vw, 689px\" \/><\/figure>\n\n\n\n<p>GASTRONOMY AND CULTURE<\/p>\n\n\n\n<p>\u201cOsona Cuina\u201d organizes routes that combine culture and gastronomy, we recommend some, such as: The Romanesque route through the city of Vic, in addition to a route to discover the jewels of the Romanesque, the activity includes lunch in some of the main restaurants of the town.<\/p>\n\n\n\n<figure class=\"wp-block-image aligncenter size-large is-resized\"><img loading=\"lazy\" decoding=\"async\" src=\"http:\/\/canpamplona.com\/wp-content\/uploads\/2024\/02\/Mercado-de-la-trufa_14-1024x683.jpg\" alt=\"\" class=\"wp-image-3605\" width=\"702\" height=\"468\" srcset=\"https:\/\/canpamplona.com\/wp-content\/uploads\/2024\/02\/Mercado-de-la-trufa_14-1024x683.jpg 1024w, https:\/\/canpamplona.com\/wp-content\/uploads\/2024\/02\/Mercado-de-la-trufa_14-300x200.jpg 300w, https:\/\/canpamplona.com\/wp-content\/uploads\/2024\/02\/Mercado-de-la-trufa_14-768x512.jpg 768w, https:\/\/canpamplona.com\/wp-content\/uploads\/2024\/02\/Mercado-de-la-trufa_14-1536x1024.jpg 1536w, https:\/\/canpamplona.com\/wp-content\/uploads\/2024\/02\/Mercado-de-la-trufa_14-18x12.jpg 18w, https:\/\/canpamplona.com\/wp-content\/uploads\/2024\/02\/Mercado-de-la-trufa_14-600x400.jpg 600w, https:\/\/canpamplona.com\/wp-content\/uploads\/2024\/02\/Mercado-de-la-trufa_14.jpg 1800w\" sizes=\"auto, (max-width: 702px) 100vw, 702px\" \/><\/figure>\n\n\n\n<h2 class=\"wp-block-heading\">WHAT DEFINES THE CUISINE OF OSONA?<\/h2>\n\n\n\n<p>When we think of Vic and Osona in general, a whole delicious variety of sausages come to mind, made with great care and with the best raw materials. The fuet along with morcones, sobrasadas, chorizos, fresh sausages, truffle and a long list of delicious proposals cannot be missing from your list of Musts to taste.<\/p>\n\n\n\n<p>Now, the cuisine of the area is not only characterized by the production of sausages, but is much richer and more diverse.<\/p>\n\n\n\n<p>Dishes made from game and pork stand out, often accompanied by exquisite products typical of this land, such as truffles, mushrooms, potatoes from the buffet and Collsacabra beans.<\/p>\n\n\n\n<h2 class=\"wp-block-heading\">VIC \u201cTRUFFORUM\u201d FAIR \u2013 2024<\/h2>\n\n\n\n<p>Explore the captivating world of the truffle during the month of February in Vic, where Trufforum, an international cooperation initiative supported by the European Mycological Institute (EMI), will take place from 1 to 4 February. Since its creation by EMI partners in 2017, TRUFFORUM has established itself as the main international cooperation forum for the exchange of scientific knowledge, sectoral meetings and promotion of the responsible use of truffles.<\/p>\n\n\n\n<figure class=\"wp-block-image aligncenter size-large is-resized\"><img loading=\"lazy\" decoding=\"async\" src=\"http:\/\/canpamplona.com\/wp-content\/uploads\/2024\/02\/Campeonato-de-perros_20-1024x683.jpg\" alt=\"\" class=\"wp-image-3607\" width=\"681\" height=\"454\" srcset=\"https:\/\/canpamplona.com\/wp-content\/uploads\/2024\/02\/Campeonato-de-perros_20-1024x683.jpg 1024w, https:\/\/canpamplona.com\/wp-content\/uploads\/2024\/02\/Campeonato-de-perros_20-300x200.jpg 300w, https:\/\/canpamplona.com\/wp-content\/uploads\/2024\/02\/Campeonato-de-perros_20-768x512.jpg 768w, https:\/\/canpamplona.com\/wp-content\/uploads\/2024\/02\/Campeonato-de-perros_20-1536x1024.jpg 1536w, https:\/\/canpamplona.com\/wp-content\/uploads\/2024\/02\/Campeonato-de-perros_20-18x12.jpg 18w, https:\/\/canpamplona.com\/wp-content\/uploads\/2024\/02\/Campeonato-de-perros_20-600x400.jpg 600w, https:\/\/canpamplona.com\/wp-content\/uploads\/2024\/02\/Campeonato-de-perros_20.jpg 1800w\" sizes=\"auto, (max-width: 681px) 100vw, 681px\" \/><\/figure>\n\n\n\n<p>This annual celebration has the primary objective of promoting the responsible use of the European truffle in both domestic and professional kitchens. Become an international reference for truffle professionals and fans, Trufforum stands as an annual meeting that seeks to spread as much as possible the values and culture associated with this delicious delicacy.<\/p>\n\n\n\n<p>Don&#039;t miss the opportunity and join us to explore the underground wonders and discover everything about the truffle in this unique encounter. Welcome to Trufforum! Discover the best-kept secrets of the truffle while participating in exciting educational events and activities.<\/p>\n\n\n\n<p><a href=\"\/en\/%20trufforum.com\/vic\/\" target=\"_blank\" rel=\"noreferrer noopener\">photos: trufforum.com\/vic<\/a><\/p>","protected":false},"excerpt":{"rendered":"<p>Apuntes gastron\u00f3micos y la feria \u201cTrufforum\u201d de Vic Osona, con Vic como capital, pone a nuestro alcance much\u00edsimos restaurantes, m\u00e1s de quinientos, d\u00f3nde poder degustar la cocina aut\u00f3ctona de la zona. En sus cartas podremos ver infinidad de platos en la que se incluyen muchos productos propios de la regi\u00f3n, de gran calidad y sabor [&hellip;]<\/p>\n","protected":false},"author":2,"featured_media":3606,"comment_status":"closed","ping_status":"closed","sticky":false,"template":"","format":"standard","meta":{"site-sidebar-layout":"default","site-content-layout":"","ast-site-content-layout":"default","site-content-style":"default","site-sidebar-style":"default","ast-global-header-display":"","ast-banner-title-visibility":"","ast-main-header-display":"","ast-hfb-above-header-display":"","ast-hfb-below-header-display":"","ast-hfb-mobile-header-display":"","site-post-title":"disabled","ast-breadcrumbs-content":"","ast-featured-img":"disabled","footer-sml-layout":"","theme-transparent-header-meta":"","adv-header-id-meta":"","stick-header-meta":"","header-above-stick-meta":"","header-main-stick-meta":"","header-below-stick-meta":"","astra-migrate-meta-layouts":"set","ast-page-background-enabled":"default","ast-page-background-meta":{"desktop":{"background-color":"","background-image":"","background-repeat":"repeat","background-position":"center center","background-size":"auto","background-attachment":"scroll","background-type":"","background-media":"","overlay-type":"","overlay-color":"","overlay-gradient":""},"tablet":{"background-color":"","background-image":"","background-repeat":"repeat","background-position":"center center","background-size":"auto","background-attachment":"scroll","background-type":"","background-media":"","overlay-type":"","overlay-color":"","overlay-gradient":""},"mobile":{"background-color":"","background-image":"","background-repeat":"repeat","background-position":"center center","background-size":"auto","background-attachment":"scroll","background-type":"","background-media":"","overlay-type":"","overlay-color":"","overlay-gradient":""}},"ast-content-background-meta":{"desktop":{"background-color":"var(--ast-global-color-5)","background-image":"","background-repeat":"repeat","background-position":"center center","background-size":"auto","background-attachment":"scroll","background-type":"","background-media":"","overlay-type":"","overlay-color":"","overlay-gradient":""},"tablet":{"background-color":"var(--ast-global-color-5)","background-image":"","background-repeat":"repeat","background-position":"center center","background-size":"auto","background-attachment":"scroll","background-type":"","background-media":"","overlay-type":"","overlay-color":"","overlay-gradient":""},"mobile":{"background-color":"var(--ast-global-color-5)","background-image":"","background-repeat":"repeat","background-position":"center center","background-size":"auto","background-attachment":"scroll","background-type":"","background-media":"","overlay-type":"","overlay-color":"","overlay-gradient":""}},"footnotes":""},"categories":[46],"tags":[],"class_list":["post-3603","post","type-post","status-publish","format-standard","has-post-thumbnail","hentry","category-ferias-festivales-y-mercados"],"yoast_head":"<!-- This site is optimized with the Yoast SEO plugin v27.1.1 - https:\/\/yoast.com\/product\/yoast-seo-wordpress\/ -->\n<title>Trufforum Vic: feria gastron\u00f3mica de la trufa<\/title>\n<meta name=\"description\" content=\"Descubre Trufforum en Vic: una feria gastron\u00f3mica dedicada a la trufa, con talleres, degustaciones y actividades para disfrutar de la cocina local.\" \/>\n<meta name=\"robots\" content=\"index, follow, max-snippet:-1, max-image-preview:large, max-video-preview:-1\" \/>\n<link rel=\"canonical\" href=\"https:\/\/canpamplona.com\/en\/apuntes-gastronomicos-y-la-feria-trufforum-de-vic\/\" \/>\n<meta property=\"og:locale\" content=\"en_GB\" \/>\n<meta property=\"og:type\" content=\"article\" \/>\n<meta property=\"og:title\" content=\"Trufforum Vic: feria gastron\u00f3mica de la trufa\" \/>\n<meta property=\"og:description\" content=\"Descubre Trufforum en Vic: una feria gastron\u00f3mica dedicada a la trufa, con talleres, degustaciones y actividades para disfrutar de la cocina local.\" \/>\n<meta property=\"og:url\" content=\"https:\/\/canpamplona.com\/en\/apuntes-gastronomicos-y-la-feria-trufforum-de-vic\/\" \/>\n<meta property=\"og:site_name\" content=\"Hotel Can Pamplona | Hotel En Vic | Web Oficial\" \/>\n<meta property=\"article:publisher\" content=\"https:\/\/www.facebook.com\/HotelCanPamplona\" \/>\n<meta property=\"article:published_time\" content=\"2024-02-02T11:45:20+00:00\" \/>\n<meta property=\"article:modified_time\" content=\"2025-12-04T08:12:39+00:00\" \/>\n<meta property=\"og:image\" content=\"https:\/\/canpamplona.com\/wp-content\/uploads\/2024\/02\/Mercado-de-la-trufa_05.jpg\" \/>\n\t<meta property=\"og:image:width\" content=\"1800\" \/>\n\t<meta property=\"og:image:height\" content=\"1200\" \/>\n\t<meta property=\"og:image:type\" content=\"image\/jpeg\" \/>\n<meta name=\"author\" content=\"LittHotels\" \/>\n<meta name=\"twitter:card\" content=\"summary_large_image\" \/>\n<meta name=\"twitter:label1\" content=\"Written by\" \/>\n\t<meta name=\"twitter:data1\" content=\"LittHotels\" \/>\n\t<meta name=\"twitter:label2\" content=\"Estimated reading time\" \/>\n\t<meta name=\"twitter:data2\" content=\"4 minutes\" \/>\n<script type=\"application\/ld+json\" class=\"yoast-schema-graph\">{\"@context\":\"https:\/\/schema.org\",\"@graph\":[{\"@type\":\"Article\",\"@id\":\"https:\/\/canpamplona.com\/apuntes-gastronomicos-y-la-feria-trufforum-de-vic\/#article\",\"isPartOf\":{\"@id\":\"https:\/\/canpamplona.com\/apuntes-gastronomicos-y-la-feria-trufforum-de-vic\/\"},\"author\":{\"name\":\"LittHotels\",\"@id\":\"\/#\/schema\/person\/816857693f5cc947534e5efea06b46cf\"},\"headline\":\"Apuntes gastron\u00f3micos y la feria \u201cTrufforum\u201d de Vic\",\"datePublished\":\"2024-02-02T11:45:20+00:00\",\"dateModified\":\"2025-12-04T08:12:39+00:00\",\"mainEntityOfPage\":{\"@id\":\"https:\/\/canpamplona.com\/apuntes-gastronomicos-y-la-feria-trufforum-de-vic\/\"},\"wordCount\":536,\"publisher\":{\"@id\":\"\/#organization\"},\"image\":{\"@id\":\"https:\/\/canpamplona.com\/apuntes-gastronomicos-y-la-feria-trufforum-de-vic\/#primaryimage\"},\"thumbnailUrl\":\"https:\/\/canpamplona.com\/wp-content\/uploads\/2024\/02\/Mercado-de-la-trufa_05.jpg\",\"articleSection\":[\"Ferias, Festivales y Mercados\"],\"inLanguage\":\"en-GB\"},{\"@type\":\"WebPage\",\"@id\":\"https:\/\/canpamplona.com\/apuntes-gastronomicos-y-la-feria-trufforum-de-vic\/\",\"url\":\"https:\/\/canpamplona.com\/apuntes-gastronomicos-y-la-feria-trufforum-de-vic\/\",\"name\":\"Trufforum Vic: feria gastron\u00f3mica de la trufa\",\"isPartOf\":{\"@id\":\"\/#website\"},\"primaryImageOfPage\":{\"@id\":\"https:\/\/canpamplona.com\/apuntes-gastronomicos-y-la-feria-trufforum-de-vic\/#primaryimage\"},\"image\":{\"@id\":\"https:\/\/canpamplona.com\/apuntes-gastronomicos-y-la-feria-trufforum-de-vic\/#primaryimage\"},\"thumbnailUrl\":\"https:\/\/canpamplona.com\/wp-content\/uploads\/2024\/02\/Mercado-de-la-trufa_05.jpg\",\"datePublished\":\"2024-02-02T11:45:20+00:00\",\"dateModified\":\"2025-12-04T08:12:39+00:00\",\"description\":\"Descubre Trufforum en Vic: una feria gastron\u00f3mica dedicada a la trufa, con talleres, degustaciones y actividades para disfrutar de la cocina local.\",\"breadcrumb\":{\"@id\":\"https:\/\/canpamplona.com\/apuntes-gastronomicos-y-la-feria-trufforum-de-vic\/#breadcrumb\"},\"inLanguage\":\"en-GB\",\"potentialAction\":[{\"@type\":\"ReadAction\",\"target\":[\"https:\/\/canpamplona.com\/apuntes-gastronomicos-y-la-feria-trufforum-de-vic\/\"]}]},{\"@type\":\"ImageObject\",\"inLanguage\":\"en-GB\",\"@id\":\"https:\/\/canpamplona.com\/apuntes-gastronomicos-y-la-feria-trufforum-de-vic\/#primaryimage\",\"url\":\"https:\/\/canpamplona.com\/wp-content\/uploads\/2024\/02\/Mercado-de-la-trufa_05.jpg\",\"contentUrl\":\"https:\/\/canpamplona.com\/wp-content\/uploads\/2024\/02\/Mercado-de-la-trufa_05.jpg\",\"width\":1800,\"height\":1200},{\"@type\":\"BreadcrumbList\",\"@id\":\"https:\/\/canpamplona.com\/apuntes-gastronomicos-y-la-feria-trufforum-de-vic\/#breadcrumb\",\"itemListElement\":[{\"@type\":\"ListItem\",\"position\":1,\"name\":\"Portada\",\"item\":\"https:\/\/canpamplona.com\/\"},{\"@type\":\"ListItem\",\"position\":2,\"name\":\"Apuntes gastron\u00f3micos y la feria \u201cTrufforum\u201d de Vic\"}]},{\"@type\":\"WebSite\",\"@id\":\"\/#website\",\"url\":\"\/\",\"name\":\"Hotel Can Pamplona | Hotel En Vic | Web Oficial\",\"description\":\"Hotel Can Pamplona es un hotel en Vic B&amp;B. Un hotel urbano rehabilitado con un estilo moderno y al precio m\u00e1s econ\u00f3mico. Reserva aqu\u00ed.\",\"publisher\":{\"@id\":\"\/#organization\"},\"potentialAction\":[{\"@type\":\"SearchAction\",\"target\":{\"@type\":\"EntryPoint\",\"urlTemplate\":\"\/?s={search_term_string}\"},\"query-input\":{\"@type\":\"PropertyValueSpecification\",\"valueRequired\":true,\"valueName\":\"search_term_string\"}}],\"inLanguage\":\"en-GB\"},{\"@type\":\"Organization\",\"@id\":\"\/#organization\",\"name\":\"Hotel Can Pamplona\",\"url\":\"\/\",\"logo\":{\"@type\":\"ImageObject\",\"inLanguage\":\"en-GB\",\"@id\":\"\/#\/schema\/logo\/image\/\",\"url\":\"https:\/\/canpamplona.com\/wp-content\/uploads\/2025\/03\/LogoCanPamplonatopocolor-02.jpg\",\"contentUrl\":\"https:\/\/canpamplona.com\/wp-content\/uploads\/2025\/03\/LogoCanPamplonatopocolor-02.jpg\",\"width\":2480,\"height\":2480,\"caption\":\"Hotel Can Pamplona\"},\"image\":{\"@id\":\"\/#\/schema\/logo\/image\/\"},\"sameAs\":[\"https:\/\/www.facebook.com\/HotelCanPamplona\",\"https:\/\/www.instagram.com\/hotelcanpamplonavic\/\"]},{\"@type\":\"Person\",\"@id\":\"\/#\/schema\/person\/816857693f5cc947534e5efea06b46cf\",\"name\":\"LittHotels\",\"image\":{\"@type\":\"ImageObject\",\"inLanguage\":\"en-GB\",\"@id\":\"\/#\/schema\/person\/image\/\",\"url\":\"https:\/\/canpamplona.com\/wp-content\/litespeed\/avatar\/f3cbe4ac27ac09ddf4fbb6c176eac63f.jpg?ver=1777295195\",\"contentUrl\":\"https:\/\/canpamplona.com\/wp-content\/litespeed\/avatar\/f3cbe4ac27ac09ddf4fbb6c176eac63f.jpg?ver=1777295195\",\"caption\":\"LittHotels\"}}]}<\/script>\n<!-- \/ Yoast SEO plugin. -->","yoast_head_json":{"title":"Trufforum Vic: truffle gastronomy fair","description":"Discover Trufforum in Vic: a gastronomic fair dedicated to truffles, with workshops, tastings and activities to enjoy local cuisine.","robots":{"index":"index","follow":"follow","max-snippet":"max-snippet:-1","max-image-preview":"max-image-preview:large","max-video-preview":"max-video-preview:-1"},"canonical":"https:\/\/canpamplona.com\/en\/apuntes-gastronomicos-y-la-feria-trufforum-de-vic\/","og_locale":"en_GB","og_type":"article","og_title":"Trufforum Vic: feria gastron\u00f3mica de la trufa","og_description":"Descubre Trufforum en Vic: una feria gastron\u00f3mica dedicada a la trufa, con talleres, degustaciones y actividades para disfrutar de la cocina local.","og_url":"https:\/\/canpamplona.com\/en\/apuntes-gastronomicos-y-la-feria-trufforum-de-vic\/","og_site_name":"Hotel Can Pamplona | Hotel En Vic | Web Oficial","article_publisher":"https:\/\/www.facebook.com\/HotelCanPamplona","article_published_time":"2024-02-02T11:45:20+00:00","article_modified_time":"2025-12-04T08:12:39+00:00","og_image":[{"width":1800,"height":1200,"url":"https:\/\/canpamplona.com\/wp-content\/uploads\/2024\/02\/Mercado-de-la-trufa_05.jpg","type":"image\/jpeg"}],"author":"LittHotels","twitter_card":"summary_large_image","twitter_misc":{"Written by":"LittHotels","Estimated reading time":"4 minutes"},"schema":{"@context":"https:\/\/schema.org","@graph":[{"@type":"Article","@id":"https:\/\/canpamplona.com\/apuntes-gastronomicos-y-la-feria-trufforum-de-vic\/#article","isPartOf":{"@id":"https:\/\/canpamplona.com\/apuntes-gastronomicos-y-la-feria-trufforum-de-vic\/"},"author":{"name":"LittHotels","@id":"\/#\/schema\/person\/816857693f5cc947534e5efea06b46cf"},"headline":"Apuntes gastron\u00f3micos y la feria \u201cTrufforum\u201d de Vic","datePublished":"2024-02-02T11:45:20+00:00","dateModified":"2025-12-04T08:12:39+00:00","mainEntityOfPage":{"@id":"https:\/\/canpamplona.com\/apuntes-gastronomicos-y-la-feria-trufforum-de-vic\/"},"wordCount":536,"publisher":{"@id":"\/#organization"},"image":{"@id":"https:\/\/canpamplona.com\/apuntes-gastronomicos-y-la-feria-trufforum-de-vic\/#primaryimage"},"thumbnailUrl":"https:\/\/canpamplona.com\/wp-content\/uploads\/2024\/02\/Mercado-de-la-trufa_05.jpg","articleSection":["Ferias, Festivales y Mercados"],"inLanguage":"en-GB"},{"@type":"WebPage","@id":"https:\/\/canpamplona.com\/apuntes-gastronomicos-y-la-feria-trufforum-de-vic\/","url":"https:\/\/canpamplona.com\/apuntes-gastronomicos-y-la-feria-trufforum-de-vic\/","name":"Trufforum Vic: truffle gastronomy fair","isPartOf":{"@id":"\/#website"},"primaryImageOfPage":{"@id":"https:\/\/canpamplona.com\/apuntes-gastronomicos-y-la-feria-trufforum-de-vic\/#primaryimage"},"image":{"@id":"https:\/\/canpamplona.com\/apuntes-gastronomicos-y-la-feria-trufforum-de-vic\/#primaryimage"},"thumbnailUrl":"https:\/\/canpamplona.com\/wp-content\/uploads\/2024\/02\/Mercado-de-la-trufa_05.jpg","datePublished":"2024-02-02T11:45:20+00:00","dateModified":"2025-12-04T08:12:39+00:00","description":"Discover Trufforum in Vic: a gastronomic fair dedicated to truffles, with workshops, tastings and activities to enjoy local cuisine.","breadcrumb":{"@id":"https:\/\/canpamplona.com\/apuntes-gastronomicos-y-la-feria-trufforum-de-vic\/#breadcrumb"},"inLanguage":"en-GB","potentialAction":[{"@type":"ReadAction","target":["https:\/\/canpamplona.com\/apuntes-gastronomicos-y-la-feria-trufforum-de-vic\/"]}]},{"@type":"ImageObject","inLanguage":"en-GB","@id":"https:\/\/canpamplona.com\/apuntes-gastronomicos-y-la-feria-trufforum-de-vic\/#primaryimage","url":"https:\/\/canpamplona.com\/wp-content\/uploads\/2024\/02\/Mercado-de-la-trufa_05.jpg","contentUrl":"https:\/\/canpamplona.com\/wp-content\/uploads\/2024\/02\/Mercado-de-la-trufa_05.jpg","width":1800,"height":1200},{"@type":"BreadcrumbList","@id":"https:\/\/canpamplona.com\/apuntes-gastronomicos-y-la-feria-trufforum-de-vic\/#breadcrumb","itemListElement":[{"@type":"ListItem","position":1,"name":"Portada","item":"https:\/\/canpamplona.com\/"},{"@type":"ListItem","position":2,"name":"Apuntes gastron\u00f3micos y la feria \u201cTrufforum\u201d de Vic"}]},{"@type":"WebSite","@id":"\/#website","url":"\/","name":"Hotel Can Pamplona | Hotel In Vic | Official Web","description":"Hotel Can Pamplona is a hotel in Vic B&amp;B. An urban hotel rehabilitated with a modern style and at the most economical price. Reserve here.","publisher":{"@id":"\/#organization"},"potentialAction":[{"@type":"SearchAction","target":{"@type":"EntryPoint","urlTemplate":"\/?s={search_term_string}"},"query-input":{"@type":"PropertyValueSpecification","valueRequired":true,"valueName":"search_term_string"}}],"inLanguage":"en-GB"},{"@type":"Organization","@id":"\/#organization","name":"Hotel Can Pamplona","url":"\/","logo":{"@type":"ImageObject","inLanguage":"en-GB","@id":"\/#\/schema\/logo\/image\/","url":"https:\/\/canpamplona.com\/wp-content\/uploads\/2025\/03\/LogoCanPamplonatopocolor-02.jpg","contentUrl":"https:\/\/canpamplona.com\/wp-content\/uploads\/2025\/03\/LogoCanPamplonatopocolor-02.jpg","width":2480,"height":2480,"caption":"Hotel Can Pamplona"},"image":{"@id":"\/#\/schema\/logo\/image\/"},"sameAs":["https:\/\/www.facebook.com\/HotelCanPamplona","https:\/\/www.instagram.com\/hotelcanpamplonavic\/"]},{"@type":"Person","@id":"\/#\/schema\/person\/816857693f5cc947534e5efea06b46cf","name":"LittHotels","image":{"@type":"ImageObject","inLanguage":"en-GB","@id":"\/#\/schema\/person\/image\/","url":"https:\/\/canpamplona.com\/wp-content\/litespeed\/avatar\/f3cbe4ac27ac09ddf4fbb6c176eac63f.jpg?ver=1777295195","contentUrl":"https:\/\/canpamplona.com\/wp-content\/litespeed\/avatar\/f3cbe4ac27ac09ddf4fbb6c176eac63f.jpg?ver=1777295195","caption":"LittHotels"}}]}},"_links":{"self":[{"href":"https:\/\/canpamplona.com\/en\/wp-json\/wp\/v2\/posts\/3603","targetHints":{"allow":["GET"]}}],"collection":[{"href":"https:\/\/canpamplona.com\/en\/wp-json\/wp\/v2\/posts"}],"about":[{"href":"https:\/\/canpamplona.com\/en\/wp-json\/wp\/v2\/types\/post"}],"author":[{"embeddable":true,"href":"https:\/\/canpamplona.com\/en\/wp-json\/wp\/v2\/users\/2"}],"replies":[{"embeddable":true,"href":"https:\/\/canpamplona.com\/en\/wp-json\/wp\/v2\/comments?post=3603"}],"version-history":[{"count":4,"href":"https:\/\/canpamplona.com\/en\/wp-json\/wp\/v2\/posts\/3603\/revisions"}],"predecessor-version":[{"id":4104,"href":"https:\/\/canpamplona.com\/en\/wp-json\/wp\/v2\/posts\/3603\/revisions\/4104"}],"wp:featuredmedia":[{"embeddable":true,"href":"https:\/\/canpamplona.com\/en\/wp-json\/wp\/v2\/media\/3606"}],"wp:attachment":[{"href":"https:\/\/canpamplona.com\/en\/wp-json\/wp\/v2\/media?parent=3603"}],"wp:term":[{"taxonomy":"category","embeddable":true,"href":"https:\/\/canpamplona.com\/en\/wp-json\/wp\/v2\/categories?post=3603"},{"taxonomy":"post_tag","embeddable":true,"href":"https:\/\/canpamplona.com\/en\/wp-json\/wp\/v2\/tags?post=3603"}],"curies":[{"name":"wp","href":"https:\/\/api.w.org\/{rel}","templated":true}]}}