{"id":3309,"date":"2023-07-06T08:51:18","date_gmt":"2023-07-06T08:51:18","guid":{"rendered":"https:\/\/canpamplona.com\/?p=3309"},"modified":"2025-12-04T08:21:27","modified_gmt":"2025-12-04T08:21:27","slug":"que-hacer-en-vic","status":"publish","type":"post","link":"https:\/\/canpamplona.com\/fr\/que-hacer-en-vic\/","title":{"rendered":"\u00c0 voir et \u00e0 faire \u00e0 Vic"},"content":{"rendered":"<div data-elementor-type=\"wp-post\" data-elementor-id=\"3309\" class=\"elementor elementor-3309\" data-elementor-post-type=\"post\">\n\t\t\t\t\t\t<section class=\"elementor-section elementor-top-section elementor-element elementor-element-4e8ce16 elementor-section-boxed elementor-section-height-default elementor-section-height-default\" data-id=\"4e8ce16\" data-element_type=\"section\" data-e-type=\"section\">\n\t\t\t\t\t\t<div class=\"elementor-container elementor-column-gap-default\">\n\t\t\t\t\t<div class=\"elementor-column elementor-col-100 elementor-top-column elementor-element elementor-element-d9b9805\" data-id=\"d9b9805\" data-element_type=\"column\" data-e-type=\"column\">\n\t\t\t<div class=\"elementor-widget-wrap elementor-element-populated\">\n\t\t\t\t\t\t<div class=\"elementor-element elementor-element-39eba18 elementor-widget elementor-widget-heading\" data-id=\"39eba18\" data-element_type=\"widget\" data-e-type=\"widget\" data-widget_type=\"heading.default\">\n\t\t\t\t<div class=\"elementor-widget-container\">\n\t\t\t\t\t<h1 class=\"elementor-heading-title elementor-size-default\">\u00c0 voir et \u00e0 faire \u00e0 Vic<\/h1>\t\t\t\t<\/div>\n\t\t\t\t<\/div>\n\t\t\t\t<div class=\"elementor-element elementor-element-56d185d elementor-widget elementor-widget-text-editor\" data-id=\"56d185d\" data-element_type=\"widget\" data-e-type=\"widget\" data-widget_type=\"text-editor.default\">\n\t\t\t\t<div class=\"elementor-widget-container\">\n\t\t\t\t\t\t\t\t\t<p><span style=\"font-weight: 400;\">Nous profitons tous de nos vacances de diff\u00e9rentes mani\u00e8res. Certains optent pour le c\u00f4t\u00e9 plus culturel, visitant <\/span><b>mus\u00e9es et temples<\/b><span style=\"font-weight: 400;\">. D&#039;autres pr\u00e9f\u00e8rent le plaisir de se connecter avec d&#039;autres personnes dans <\/span><b>foires ou \u00e9v\u00e9nements<\/b><span style=\"font-weight: 400;\">. Alors que certains veulent juste \u00eatre en contact avec la nature, soit pour se d\u00e9connecter et se d\u00e9tendre avec la vue, soit pour lib\u00e9rer l&#039;adr\u00e9naline en pratiquant quelques <\/span><b>sports de plein air<\/b><span style=\"font-weight: 400;\">. Et c&#039;est l\u00e0 que la ville de<\/span><b> victime<\/b><span style=\"font-weight: 400;\">, car il a un peu de tout pour chaque personne. Des \u00e9difices romans, des sentiers nature, une multitude de foires et, bien s\u00fbr, une gastronomie locale r\u00e9put\u00e9e. C&#039;est lui <\/span><b>l&#039;endroit parfait<\/b><span style=\"font-weight: 400;\"> pour certains <\/span><b>des vacances<\/b><span style=\"font-weight: 400;\">, ou pour \u00e7a <\/span><b>s&#039;\u00e9chapper<\/b><span style=\"font-weight: 400;\"> combien tu m\u00e9rites <\/span><\/p><p><span style=\"font-weight: 400;\">Bien s\u00fbr, vous aurez besoin d&#039;un endroit pour vous reposer et planifier ce qui vous attend le lendemain. Heureusement, le <\/span><a href=\"https:\/\/canpamplona.com\/fr\/\"><b>H\u00f4tel Can Pampelune<\/b><\/a><span style=\"font-weight: 400;\"> il est parfait pour ce travail. Gr\u00e2ce \u00e0 son style unique et \u00e9l\u00e9gant, et son offre petit-d\u00e9jeuner + h\u00e9bergement, vous vous sentirez comme chez vous.<\/span><\/p><p><span style=\"font-weight: 400;\">Dans le blog d&#039;aujourd&#039;hui, nous allons d\u00e9couvrir ce que nous pouvons faire \u00e0 Vic pour profiter au maximum de nos vacances.<\/span><\/p>\t\t\t\t\t\t\t\t<\/div>\n\t\t\t\t<\/div>\n\t\t\t\t\t<\/div>\n\t\t<\/div>\n\t\t\t\t\t<\/div>\n\t\t<\/section>\n\t\t\t\t<section class=\"elementor-section elementor-top-section elementor-element elementor-element-b3b3889 elementor-section-boxed elementor-section-height-default elementor-section-height-default\" data-id=\"b3b3889\" data-element_type=\"section\" data-e-type=\"section\">\n\t\t\t\t\t\t<div class=\"elementor-container elementor-column-gap-default\">\n\t\t\t\t\t<div class=\"elementor-column elementor-col-100 elementor-top-column elementor-element elementor-element-b47560a\" data-id=\"b47560a\" data-element_type=\"column\" data-e-type=\"column\">\n\t\t\t<div class=\"elementor-widget-wrap elementor-element-populated\">\n\t\t\t\t\t\t<div class=\"elementor-element elementor-element-2466861 elementor-widget elementor-widget-heading\" data-id=\"2466861\" data-element_type=\"widget\" data-e-type=\"widget\" data-widget_type=\"heading.default\">\n\t\t\t\t<div class=\"elementor-widget-container\">\n\t\t\t\t\t<h2 class=\"elementor-heading-title elementor-size-default\">Tourisme culturel<\/h2>\t\t\t\t<\/div>\n\t\t\t\t<\/div>\n\t\t\t\t<section class=\"elementor-section elementor-inner-section elementor-element elementor-element-b24783c elementor-section-boxed elementor-section-height-default elementor-section-height-default\" data-id=\"b24783c\" data-element_type=\"section\" data-e-type=\"section\">\n\t\t\t\t\t\t<div class=\"elementor-container elementor-column-gap-default\">\n\t\t\t\t\t<div class=\"elementor-column elementor-col-50 elementor-inner-column elementor-element elementor-element-bf01f40\" data-id=\"bf01f40\" data-element_type=\"column\" data-e-type=\"column\">\n\t\t\t<div class=\"elementor-widget-wrap elementor-element-populated\">\n\t\t\t\t\t\t<div class=\"elementor-element elementor-element-e2bcd07 elementor-widget elementor-widget-text-editor\" data-id=\"e2bcd07\" data-element_type=\"widget\" data-e-type=\"widget\" data-widget_type=\"text-editor.default\">\n\t\t\t\t<div class=\"elementor-widget-container\">\n\t\t\t\t\t\t\t\t\t<p><span style=\"font-weight: 400;\">Vic est plein de divers <\/span><b>mus\u00e9es, b\u00e2timents et structures de l&#039;art roman<\/b><span style=\"font-weight: 400;\"> qui nous permettra de conna\u00eetre le pass\u00e9 et l&#039;histoire de notre pays et de cette belle ville. Certains des plus remarquables, tant pour les touristes que pour les locaux, sont :<\/span><\/p><ul><li style=\"font-weight: 400;\" aria-level=\"1\"><b>Le Mus\u00e9e \u00e9piscopal :<\/b><span style=\"font-weight: 400;\"> Il contient l&#039;une des plus importantes collections d&#039;art m\u00e9di\u00e9val de toute l&#039;Europe. Il se compose d&#039;un total de <\/span><b>29 000 pi\u00e8ces<\/b><span style=\"font-weight: 400;\">, dont se distinguent ses peintures et sculptures, \u00e0 la fois gothiques et romanes.\u00a0<\/span><\/li><li style=\"font-weight: 400;\" aria-level=\"1\"><b>La place principale<\/b><span style=\"font-weight: 400;\">: Aussi connu sous le nom de Mercadal. Il a \u00e9t\u00e9 utilis\u00e9 comme place de march\u00e9 depuis le Moyen \u00c2ge jusqu&#039;\u00e0 aujourd&#039;hui. De plus, plusieurs <\/span><b>foires et festivals<\/b><span style=\"font-weight: 400;\">.<\/span><\/li><li style=\"font-weight: 400;\" aria-level=\"1\"><b>le temple romain<\/b><span style=\"font-weight: 400;\">: Date de <\/span><b>1er si\u00e8cle<\/b><span style=\"font-weight: 400;\">, mais il n&#039;a \u00e9t\u00e9 d\u00e9couvert qu&#039;en 1882, puisque le <\/span><b>ch\u00e2teau de montcada<\/b><span style=\"font-weight: 400;\">. Les murs du temple actuel formaient sa cour int\u00e9rieure.<\/span><\/li><li><b>Cath\u00e9drale de Vic<\/b><span style=\"font-weight: 400;\">: Originaire du 11\u00e8me si\u00e8cle. Il garde toujours son <\/span><b>clocher<\/b><span style=\"font-weight: 400;\">, qui est le plus \u00e9lev\u00e9 de Catalogne de <\/span><b>style romantique<\/b><span style=\"font-weight: 400;\">, bien que le clo\u00eetre soit plus proche du gothique.<\/span><\/li><\/ul><p><span style=\"font-weight: 400;\">Et ce ne sont que quelques-uns d&#039;entre eux. \u00c0 cette longue liste de merveilles antiques, il faudrait \u00e9galement ajouter l&#039;h\u00f4tel de ville, l&#039;ancien mur d&#039;enceinte du XIVe si\u00e8cle, le pont m\u00e9di\u00e9val de Queralt, les tanneries, etc. <\/span><\/p>\t\t\t\t\t\t\t\t<\/div>\n\t\t\t\t<\/div>\n\t\t\t\t\t<\/div>\n\t\t<\/div>\n\t\t\t\t<div class=\"elementor-column elementor-col-50 elementor-inner-column elementor-element elementor-element-90b8199\" data-id=\"90b8199\" data-element_type=\"column\" data-e-type=\"column\">\n\t\t\t<div class=\"elementor-widget-wrap elementor-element-populated\">\n\t\t\t\t\t\t<div class=\"elementor-element elementor-element-cd6883a elementor-widget elementor-widget-image\" data-id=\"cd6883a\" data-element_type=\"widget\" data-e-type=\"widget\" data-widget_type=\"image.default\">\n\t\t\t\t<div class=\"elementor-widget-container\">\n\t\t\t\t\t\t\t\t\t\t\t\t\t\t\t<img loading=\"lazy\" decoding=\"async\" width=\"512\" height=\"310\" src=\"https:\/\/canpamplona.com\/wp-content\/uploads\/2023\/07\/que-hacer-en-vic.jpg\" class=\"attachment-large size-large wp-image-3311\" alt=\"\" srcset=\"https:\/\/canpamplona.com\/wp-content\/uploads\/2023\/07\/que-hacer-en-vic.jpg.webp 512w, https:\/\/canpamplona.com\/wp-content\/uploads\/2023\/07\/que-hacer-en-vic-300x182.jpg.webp 300w, https:\/\/canpamplona.com\/wp-content\/uploads\/2023\/07\/que-hacer-en-vic-18x12.jpg.webp 18w\" sizes=\"auto, (max-width: 512px) 100vw, 512px\" data-test=\"on\" \/>\t\t\t\t\t\t\t\t\t\t\t\t\t\t\t<\/div>\n\t\t\t\t<\/div>\n\t\t\t\t<div class=\"elementor-element elementor-element-b3e5b89 elementor-widget elementor-widget-image\" data-id=\"b3e5b89\" data-element_type=\"widget\" data-e-type=\"widget\" data-widget_type=\"image.default\">\n\t\t\t\t<div class=\"elementor-widget-container\">\n\t\t\t\t\t\t\t\t\t\t\t\t\t\t\t<img loading=\"lazy\" decoding=\"async\" width=\"612\" height=\"408\" src=\"https:\/\/canpamplona.com\/wp-content\/uploads\/2023\/07\/plaza-mayor-vic.jpg\" class=\"attachment-large size-large wp-image-3313\" alt=\"place principale de Vic\" srcset=\"https:\/\/canpamplona.com\/wp-content\/uploads\/2023\/07\/plaza-mayor-vic.jpg 612w, https:\/\/canpamplona.com\/wp-content\/uploads\/2023\/07\/plaza-mayor-vic-300x200.jpg.webp 300w, https:\/\/canpamplona.com\/wp-content\/uploads\/2023\/07\/plaza-mayor-vic-18x12.jpg.webp 18w, https:\/\/canpamplona.com\/wp-content\/uploads\/2023\/07\/plaza-mayor-vic-600x400.jpg.webp 600w\" sizes=\"auto, (max-width: 612px) 100vw, 612px\" data-test=\"on\" \/>\t\t\t\t\t\t\t\t\t\t\t\t\t\t\t<\/div>\n\t\t\t\t<\/div>\n\t\t\t\t\t<\/div>\n\t\t<\/div>\n\t\t\t\t\t<\/div>\n\t\t<\/section>\n\t\t\t\t\t<\/div>\n\t\t<\/div>\n\t\t\t\t\t<\/div>\n\t\t<\/section>\n\t\t\t\t<section class=\"elementor-section elementor-top-section elementor-element elementor-element-b194b4a elementor-section-boxed elementor-section-height-default elementor-section-height-default\" data-id=\"b194b4a\" data-element_type=\"section\" data-e-type=\"section\">\n\t\t\t\t\t\t<div class=\"elementor-container elementor-column-gap-default\">\n\t\t\t\t\t<div class=\"elementor-column elementor-col-50 elementor-top-column elementor-element elementor-element-a90b799\" data-id=\"a90b799\" data-element_type=\"column\" data-e-type=\"column\">\n\t\t\t<div class=\"elementor-widget-wrap elementor-element-populated\">\n\t\t\t\t\t\t<div class=\"elementor-element elementor-element-a24d799 elementor-widget elementor-widget-image\" data-id=\"a24d799\" data-element_type=\"widget\" data-e-type=\"widget\" data-widget_type=\"image.default\">\n\t\t\t\t<div class=\"elementor-widget-container\">\n\t\t\t\t\t\t\t\t\t\t\t\t\t\t\t<img loading=\"lazy\" decoding=\"async\" width=\"512\" height=\"341\" src=\"https:\/\/canpamplona.com\/wp-content\/uploads\/2023\/07\/actividades-aire-libre-en-vic.jpg\" class=\"attachment-large size-large wp-image-3314\" alt=\"\" srcset=\"https:\/\/canpamplona.com\/wp-content\/uploads\/2023\/07\/actividades-aire-libre-en-vic.jpg 512w, https:\/\/canpamplona.com\/wp-content\/uploads\/2023\/07\/actividades-aire-libre-en-vic-300x200.jpg.webp 300w, https:\/\/canpamplona.com\/wp-content\/uploads\/2023\/07\/actividades-aire-libre-en-vic-18x12.jpg.webp 18w\" sizes=\"auto, (max-width: 512px) 100vw, 512px\" data-test=\"on\" \/>\t\t\t\t\t\t\t\t\t\t\t\t\t\t\t<\/div>\n\t\t\t\t<\/div>\n\t\t\t\t\t<\/div>\n\t\t<\/div>\n\t\t\t\t<div class=\"elementor-column elementor-col-50 elementor-top-column elementor-element elementor-element-e22e6d8\" data-id=\"e22e6d8\" data-element_type=\"column\" data-e-type=\"column\">\n\t\t\t<div class=\"elementor-widget-wrap elementor-element-populated\">\n\t\t\t\t\t\t<div class=\"elementor-element elementor-element-eaa7da9 elementor-widget elementor-widget-heading\" data-id=\"eaa7da9\" data-element_type=\"widget\" data-e-type=\"widget\" data-widget_type=\"heading.default\">\n\t\t\t\t<div class=\"elementor-widget-container\">\n\t\t\t\t\t<h2 class=\"elementor-heading-title elementor-size-default\">Activit\u00e9s de plein air \u00e0 Vic<\/h2>\t\t\t\t<\/div>\n\t\t\t\t<\/div>\n\t\t\t\t<div class=\"elementor-element elementor-element-b3fe6aa elementor-widget elementor-widget-text-editor\" data-id=\"b3fe6aa\" data-element_type=\"widget\" data-e-type=\"widget\" data-widget_type=\"text-editor.default\">\n\t\t\t\t<div class=\"elementor-widget-container\">\n\t\t\t\t\t\t\t\t\t<p><span style=\"font-weight: 400;\">fans de <\/span><b>sport<\/b><span style=\"font-weight: 400;\"> Pourtant le <\/span><b>nature<\/b><span style=\"font-weight: 400;\"> Vous avez de la chance, puisque Vic poss\u00e8de plusieurs itin\u00e9raires, sentiers et activit\u00e9s de plein air que vous pouvez faire pour profiter de son environnement le plus naturel et d\u00e9couvrir ses coins les plus verts.<\/span><\/p><p><br \/><span style=\"font-weight: 400;\">Nous pouvons explorer ce merveilleux environnement de <\/span><b>plusieurs fa\u00e7ons<\/b><span style=\"font-weight: 400;\">, soit \u00e0 pied, en VTT (VTT), en quad, \u00e0 cheval, etc. Mais tout ne se passe pas par voie terrestre. Vous pourrez \u00e9galement pratiquer des activit\u00e9s nautiques comme le cano\u00eb ou, si vous pr\u00e9f\u00e9rez les hauteurs, effectuer un excellent vol en montgolfi\u00e8re au-dessus de la r\u00e9gion. <\/span><\/p>\t\t\t\t\t\t\t\t<\/div>\n\t\t\t\t<\/div>\n\t\t\t\t\t<\/div>\n\t\t<\/div>\n\t\t\t\t\t<\/div>\n\t\t<\/section>\n\t\t\t\t<section class=\"elementor-section elementor-top-section elementor-element elementor-element-eadb1b2 elementor-section-boxed elementor-section-height-default elementor-section-height-default\" data-id=\"eadb1b2\" data-element_type=\"section\" data-e-type=\"section\">\n\t\t\t\t\t\t<div class=\"elementor-container elementor-column-gap-default\">\n\t\t\t\t\t<div class=\"elementor-column elementor-col-50 elementor-top-column elementor-element elementor-element-cb3b702\" data-id=\"cb3b702\" data-element_type=\"column\" data-e-type=\"column\">\n\t\t\t<div class=\"elementor-widget-wrap elementor-element-populated\">\n\t\t\t\t\t\t<div class=\"elementor-element elementor-element-fe0230e elementor-widget elementor-widget-heading\" data-id=\"fe0230e\" data-element_type=\"widget\" data-e-type=\"widget\" data-widget_type=\"heading.default\">\n\t\t\t\t<div class=\"elementor-widget-container\">\n\t\t\t\t\t<h2 class=\"elementor-heading-title elementor-size-default\">Foires et march\u00e9s \u00e0 Vic<\/h2>\t\t\t\t<\/div>\n\t\t\t\t<\/div>\n\t\t\t\t<div class=\"elementor-element elementor-element-c591ecc elementor-widget elementor-widget-text-editor\" data-id=\"c591ecc\" data-element_type=\"widget\" data-e-type=\"widget\" data-widget_type=\"text-editor.default\">\n\t\t\t\t<div class=\"elementor-widget-container\">\n\t\t\t\t\t\t\t\t\t<p><span style=\"font-weight: 400;\">Tout au long de l&#039;ann\u00e9e, Vic prend vie gr\u00e2ce \u00e0 tous les <\/span><b>march\u00e9s et foires<\/b><span style=\"font-weight: 400;\">, qui attirent l&#039;attention des touristes et des locaux. La grande majorit\u00e9 de ceux-ci ont g\u00e9n\u00e9ralement lieu dans le <\/span><b>Place principale<\/b><span style=\"font-weight: 400;\">, o\u00f9 chaque mardi et samedi se d\u00e9roule le traditionnel march\u00e9 hebdomadaire.\u00a0<\/span><\/p><p><span style=\"font-weight: 400;\">Quant aux foires et salons, quelques exemples parmi les plus populaires peuvent \u00eatre :\u00a0<\/span><\/p><ul><li style=\"font-weight: 400;\" aria-level=\"1\"><b>Le march\u00e9 du b\u00e9lier<\/b><span style=\"font-weight: 400;\">: parfait pour lui <\/span><b>tourisme gastronomique<\/b><span style=\"font-weight: 400;\"> gr\u00e2ce \u00e0 tous vos produits artisanaux.<\/span><\/li><li style=\"font-weight: 400;\" aria-level=\"1\"><b>Le march\u00e9 de la musique live<\/b><span style=\"font-weight: 400;\">: o\u00f9 vous pourrez profiter de toutes sortes de <\/span><b>musique et concerts<\/b><span style=\"font-weight: 400;\">.<\/span><\/li><\/ul><p><b>March\u00e9 M\u00e9di\u00e9val<\/b><span style=\"font-weight: 400;\">: o\u00f9 nous trouverons une offre alimentaire large et vari\u00e9e, <\/span><b>spectacles de rue<\/b><span style=\"font-weight: 400;\"> et toutes sortes de <\/span><b>musique, danses<\/b><span style=\"font-weight: 400;\">, loisirs commerciaux et activit\u00e9s pour enfants. <\/span><\/p>\t\t\t\t\t\t\t\t<\/div>\n\t\t\t\t<\/div>\n\t\t\t\t\t<\/div>\n\t\t<\/div>\n\t\t\t\t<div class=\"elementor-column elementor-col-50 elementor-top-column elementor-element elementor-element-f74d4fa\" data-id=\"f74d4fa\" data-element_type=\"column\" data-e-type=\"column\">\n\t\t\t<div class=\"elementor-widget-wrap elementor-element-populated\">\n\t\t\t\t\t\t<div class=\"elementor-element elementor-element-adfedaa elementor-widget elementor-widget-image\" data-id=\"adfedaa\" data-element_type=\"widget\" data-e-type=\"widget\" data-widget_type=\"image.default\">\n\t\t\t\t<div class=\"elementor-widget-container\">\n\t\t\t\t\t\t\t\t\t\t\t\t\t\t\t<img loading=\"lazy\" decoding=\"async\" width=\"512\" height=\"341\" src=\"https:\/\/canpamplona.com\/wp-content\/uploads\/2023\/07\/ferias-y-mercados-en-vic.jpg\" class=\"attachment-large size-large wp-image-3315\" alt=\"\" srcset=\"https:\/\/canpamplona.com\/wp-content\/uploads\/2023\/07\/ferias-y-mercados-en-vic.jpg.webp 512w, https:\/\/canpamplona.com\/wp-content\/uploads\/2023\/07\/ferias-y-mercados-en-vic-300x200.jpg.webp 300w, https:\/\/canpamplona.com\/wp-content\/uploads\/2023\/07\/ferias-y-mercados-en-vic-18x12.jpg.webp 18w\" sizes=\"auto, (max-width: 512px) 100vw, 512px\" data-test=\"on\" \/>\t\t\t\t\t\t\t\t\t\t\t\t\t\t\t<\/div>\n\t\t\t\t<\/div>\n\t\t\t\t\t<\/div>\n\t\t<\/div>\n\t\t\t\t\t<\/div>\n\t\t<\/section>\n\t\t\t\t<section class=\"elementor-section elementor-top-section elementor-element elementor-element-ef93274 elementor-section-boxed elementor-section-height-default elementor-section-height-default\" data-id=\"ef93274\" data-element_type=\"section\" data-e-type=\"section\">\n\t\t\t\t\t\t<div class=\"elementor-container elementor-column-gap-default\">\n\t\t\t\t\t<div class=\"elementor-column elementor-col-50 elementor-top-column elementor-element elementor-element-e8ac5b5\" data-id=\"e8ac5b5\" data-element_type=\"column\" data-e-type=\"column\">\n\t\t\t<div class=\"elementor-widget-wrap elementor-element-populated\">\n\t\t\t\t\t\t<div class=\"elementor-element elementor-element-275118c elementor-widget elementor-widget-image\" data-id=\"275118c\" data-element_type=\"widget\" data-e-type=\"widget\" data-widget_type=\"image.default\">\n\t\t\t\t<div class=\"elementor-widget-container\">\n\t\t\t\t\t\t\t\t\t\t\t\t\t\t\t<img loading=\"lazy\" decoding=\"async\" width=\"512\" height=\"383\" src=\"https:\/\/canpamplona.com\/wp-content\/uploads\/2023\/07\/Salchichon-de-Vic.jpg\" class=\"attachment-large size-large wp-image-3316\" alt=\"\" srcset=\"https:\/\/canpamplona.com\/wp-content\/uploads\/2023\/07\/Salchichon-de-Vic.jpg.webp 512w, https:\/\/canpamplona.com\/wp-content\/uploads\/2023\/07\/Salchichon-de-Vic-300x224.jpg.webp 300w, https:\/\/canpamplona.com\/wp-content\/uploads\/2023\/07\/Salchichon-de-Vic-16x12.jpg.webp 16w\" sizes=\"auto, (max-width: 512px) 100vw, 512px\" data-test=\"on\" \/>\t\t\t\t\t\t\t\t\t\t\t\t\t\t\t<\/div>\n\t\t\t\t<\/div>\n\t\t\t\t\t<\/div>\n\t\t<\/div>\n\t\t\t\t<div class=\"elementor-column elementor-col-50 elementor-top-column elementor-element elementor-element-54b54f5\" data-id=\"54b54f5\" data-element_type=\"column\" data-e-type=\"column\">\n\t\t\t<div class=\"elementor-widget-wrap elementor-element-populated\">\n\t\t\t\t\t\t<div class=\"elementor-element elementor-element-1d904b6 elementor-widget elementor-widget-heading\" data-id=\"1d904b6\" data-element_type=\"widget\" data-e-type=\"widget\" data-widget_type=\"heading.default\">\n\t\t\t\t<div class=\"elementor-widget-container\">\n\t\t\t\t\t<h2 class=\"elementor-heading-title elementor-size-default\">Salchich\u00f3n de Vic, produit avec IGP<\/h2>\t\t\t\t<\/div>\n\t\t\t\t<\/div>\n\t\t\t\t<div class=\"elementor-element elementor-element-e558a66 elementor-widget elementor-widget-text-editor\" data-id=\"e558a66\" data-element_type=\"widget\" data-e-type=\"widget\" data-widget_type=\"text-editor.default\">\n\t\t\t\t<div class=\"elementor-widget-container\">\n\t\t\t\t\t\t\t\t\t<p><span style=\"font-weight: 400;\">L&#039;une des choses qui font la renomm\u00e9e de Vic sont ses saucisses, en particulier la <\/span><b>Saucisse de Vic<\/b><span style=\"font-weight: 400;\">, aussi appel\u00e9 en catalan <\/span><i><span style=\"font-weight: 400;\">longanissa de vic<\/span><\/i><span style=\"font-weight: 400;\">. Telle est la renomm\u00e9e qu&#039;il en vint \u00e0 avoir plus de <\/span><b>30 fabriques de saucisses<\/b><span style=\"font-weight: 400;\"> dans les int\u00e9rieurs de la ville. En effet, la saucisse de Vic b\u00e9n\u00e9ficie de l&#039;Indication G\u00e9ographique Prot\u00e9g\u00e9e (<\/span><b>IGP<\/b><span style=\"font-weight: 400;\">).<\/span><\/p><p><span style=\"font-weight: 400;\">Nous pourrons profiter \u00e0 la fois de celle-ci et de la gastronomie locale vari\u00e9e sur les march\u00e9s de la <\/span><b>Place principale<\/b><span style=\"font-weight: 400;\">, ou dans les magasins que nous trouverons dans toute la commune.<\/span><\/p>\t\t\t\t\t\t\t\t<\/div>\n\t\t\t\t<\/div>\n\t\t\t\t\t<\/div>\n\t\t<\/div>\n\t\t\t\t\t<\/div>\n\t\t<\/section>\n\t\t\t\t<section class=\"elementor-section elementor-top-section elementor-element elementor-element-12612cf elementor-section-boxed elementor-section-height-default elementor-section-height-default\" data-id=\"12612cf\" data-element_type=\"section\" data-e-type=\"section\">\n\t\t\t\t\t\t<div class=\"elementor-container elementor-column-gap-default\">\n\t\t\t\t\t<div class=\"elementor-column elementor-col-100 elementor-top-column elementor-element elementor-element-b7a4f10\" data-id=\"b7a4f10\" data-element_type=\"column\" data-e-type=\"column\">\n\t\t\t<div class=\"elementor-widget-wrap elementor-element-populated\">\n\t\t\t\t\t\t<div class=\"elementor-element elementor-element-ef39113 elementor-widget elementor-widget-text-editor\" data-id=\"ef39113\" data-element_type=\"widget\" data-e-type=\"widget\" data-widget_type=\"text-editor.default\">\n\t\t\t\t<div class=\"elementor-widget-container\">\n\t\t\t\t\t\t\t\t\t<p><span style=\"font-weight: 400;\">Sans aucun doute, Vic a tout ce que de bonnes vacances pourraient demander. Histoire, activit\u00e9s en contact avec la nature, bonne gastronomie et une multitude de march\u00e9s et foires pour passer un bon moment. Il vous suffit de choisir le <\/span><a href=\"https:\/\/canpamplona.com\/fr\/habitaciones-hotel-centro-vic\/\"><b>chambre<\/b><\/a><span style=\"font-weight: 400;\"> que vous aimez le plus \u00e0 l&#039;H\u00f4tel Can Pamplona et profitez de tout ce que Vic a \u00e0 vous offrir !<\/span><\/p>\t\t\t\t\t\t\t\t<\/div>\n\t\t\t\t<\/div>\n\t\t\t\t\t<\/div>\n\t\t<\/div>\n\t\t\t\t\t<\/div>\n\t\t<\/section>\n\t\t\t\t<\/div>","protected":false},"excerpt":{"rendered":"<p>Qu\u00e9 hacer en Vic Todos disfrutamos de nuestras vacaciones de diferentes maneras. Unos van por el lado m\u00e1s cultural, visitando museos y templos. Otros prefieren el placer de conectar con otras personas en ferias o eventos. Mientras que algunos solo quieren estar en contacto con la naturaleza, ya sea para desconectar y relajarse con las [&hellip;]<\/p>\n","protected":false},"author":2,"featured_media":3313,"comment_status":"closed","ping_status":"closed","sticky":false,"template":"","format":"standard","meta":{"site-sidebar-layout":"default","site-content-layout":"","ast-site-content-layout":"default","site-content-style":"default","site-sidebar-style":"default","ast-global-header-display":"","ast-banner-title-visibility":"","ast-main-header-display":"","ast-hfb-above-header-display":"","ast-hfb-below-header-display":"","ast-hfb-mobile-header-display":"","site-post-title":"disabled","ast-breadcrumbs-content":"","ast-featured-img":"disabled","footer-sml-layout":"","theme-transparent-header-meta":"","adv-header-id-meta":"","stick-header-meta":"","header-above-stick-meta":"","header-main-stick-meta":"","header-below-stick-meta":"","astra-migrate-meta-layouts":"set","ast-page-background-enabled":"default","ast-page-background-meta":{"desktop":{"background-color":"","background-image":"","background-repeat":"repeat","background-position":"center center","background-size":"auto","background-attachment":"scroll","background-type":"","background-media":"","overlay-type":"","overlay-color":"","overlay-gradient":""},"tablet":{"background-color":"","background-image":"","background-repeat":"repeat","background-position":"center center","background-size":"auto","background-attachment":"scroll","background-type":"","background-media":"","overlay-type":"","overlay-color":"","overlay-gradient":""},"mobile":{"background-color":"","background-image":"","background-repeat":"repeat","background-position":"center center","background-size":"auto","background-attachment":"scroll","background-type":"","background-media":"","overlay-type":"","overlay-color":"","overlay-gradient":""}},"ast-content-background-meta":{"desktop":{"background-color":"var(--ast-global-color-5)","background-image":"","background-repeat":"repeat","background-position":"center center","background-size":"auto","background-attachment":"scroll","background-type":"","background-media":"","overlay-type":"","overlay-color":"","overlay-gradient":""},"tablet":{"background-color":"var(--ast-global-color-5)","background-image":"","background-repeat":"repeat","background-position":"center center","background-size":"auto","background-attachment":"scroll","background-type":"","background-media":"","overlay-type":"","overlay-color":"","overlay-gradient":""},"mobile":{"background-color":"var(--ast-global-color-5)","background-image":"","background-repeat":"repeat","background-position":"center center","background-size":"auto","background-attachment":"scroll","background-type":"","background-media":"","overlay-type":"","overlay-color":"","overlay-gradient":""}},"footnotes":""},"categories":[47],"tags":[],"class_list":["post-3309","post","type-post","status-publish","format-standard","has-post-thumbnail","hentry","category-ocio-y-cultura"],"yoast_head":"<!-- This site is optimized with the Yoast SEO plugin v27.1.1 - https:\/\/yoast.com\/product\/yoast-seo-wordpress\/ -->\n<title>Qu\u00e9 hacer en Vic | Hotel en Vic | Blog Can Pamplona<\/title>\n<meta name=\"description\" content=\"Descubre qu\u00e9 hacer en Vic: paseos por el casco hist\u00f3rico, rutas culturales, mercados, museos y actividades locales para aprovechar al m\u00e1ximo tu visita.\" \/>\n<meta name=\"robots\" content=\"index, follow, max-snippet:-1, max-image-preview:large, max-video-preview:-1\" \/>\n<link rel=\"canonical\" href=\"https:\/\/canpamplona.com\/fr\/que-hacer-en-vic\/\" \/>\n<meta property=\"og:locale\" content=\"fr_FR\" \/>\n<meta property=\"og:type\" content=\"article\" \/>\n<meta property=\"og:title\" content=\"Qu\u00e9 hacer en Vic | Hotel en Vic | Blog Can Pamplona\" \/>\n<meta property=\"og:description\" content=\"Descubre qu\u00e9 hacer en Vic: paseos por el casco hist\u00f3rico, rutas culturales, mercados, museos y actividades locales para aprovechar al m\u00e1ximo tu visita.\" \/>\n<meta property=\"og:url\" content=\"https:\/\/canpamplona.com\/fr\/que-hacer-en-vic\/\" \/>\n<meta property=\"og:site_name\" content=\"Hotel Can Pamplona | Hotel En Vic | Web Oficial\" \/>\n<meta property=\"article:publisher\" content=\"https:\/\/www.facebook.com\/HotelCanPamplona\" \/>\n<meta property=\"article:published_time\" content=\"2023-07-06T08:51:18+00:00\" \/>\n<meta property=\"article:modified_time\" content=\"2025-12-04T08:21:27+00:00\" \/>\n<meta property=\"og:image\" content=\"https:\/\/canpamplona.com\/wp-content\/uploads\/2023\/07\/plaza-mayor-vic.jpg\" \/>\n\t<meta property=\"og:image:width\" content=\"612\" \/>\n\t<meta property=\"og:image:height\" content=\"408\" \/>\n\t<meta property=\"og:image:type\" content=\"image\/jpeg\" \/>\n<meta name=\"author\" content=\"LittHotels\" \/>\n<meta name=\"twitter:card\" content=\"summary_large_image\" \/>\n<meta name=\"twitter:label1\" content=\"\u00c9crit par\" \/>\n\t<meta name=\"twitter:data1\" content=\"LittHotels\" \/>\n\t<meta name=\"twitter:label2\" content=\"Dur\u00e9e de lecture estim\u00e9e\" \/>\n\t<meta name=\"twitter:data2\" content=\"5 minutes\" \/>\n<script type=\"application\/ld+json\" class=\"yoast-schema-graph\">{\"@context\":\"https:\/\/schema.org\",\"@graph\":[{\"@type\":\"Article\",\"@id\":\"https:\/\/canpamplona.com\/que-hacer-en-vic\/#article\",\"isPartOf\":{\"@id\":\"https:\/\/canpamplona.com\/que-hacer-en-vic\/\"},\"author\":{\"name\":\"LittHotels\",\"@id\":\"\/#\/schema\/person\/816857693f5cc947534e5efea06b46cf\"},\"headline\":\"Qu\u00e9 hacer en Vic\",\"datePublished\":\"2023-07-06T08:51:18+00:00\",\"dateModified\":\"2025-12-04T08:21:27+00:00\",\"mainEntityOfPage\":{\"@id\":\"https:\/\/canpamplona.com\/que-hacer-en-vic\/\"},\"wordCount\":842,\"publisher\":{\"@id\":\"\/#organization\"},\"image\":{\"@id\":\"https:\/\/canpamplona.com\/que-hacer-en-vic\/#primaryimage\"},\"thumbnailUrl\":\"https:\/\/canpamplona.com\/wp-content\/uploads\/2023\/07\/plaza-mayor-vic.jpg\",\"articleSection\":[\"Ocio y Cultura\"],\"inLanguage\":\"fr-FR\"},{\"@type\":\"WebPage\",\"@id\":\"https:\/\/canpamplona.com\/que-hacer-en-vic\/\",\"url\":\"https:\/\/canpamplona.com\/que-hacer-en-vic\/\",\"name\":\"Qu\u00e9 hacer en Vic | Hotel en Vic | Blog Can Pamplona\",\"isPartOf\":{\"@id\":\"\/#website\"},\"primaryImageOfPage\":{\"@id\":\"https:\/\/canpamplona.com\/que-hacer-en-vic\/#primaryimage\"},\"image\":{\"@id\":\"https:\/\/canpamplona.com\/que-hacer-en-vic\/#primaryimage\"},\"thumbnailUrl\":\"https:\/\/canpamplona.com\/wp-content\/uploads\/2023\/07\/plaza-mayor-vic.jpg\",\"datePublished\":\"2023-07-06T08:51:18+00:00\",\"dateModified\":\"2025-12-04T08:21:27+00:00\",\"description\":\"Descubre qu\u00e9 hacer en Vic: paseos por el casco hist\u00f3rico, rutas culturales, mercados, museos y actividades locales para aprovechar al m\u00e1ximo tu visita.\",\"breadcrumb\":{\"@id\":\"https:\/\/canpamplona.com\/que-hacer-en-vic\/#breadcrumb\"},\"inLanguage\":\"fr-FR\",\"potentialAction\":[{\"@type\":\"ReadAction\",\"target\":[\"https:\/\/canpamplona.com\/que-hacer-en-vic\/\"]}]},{\"@type\":\"ImageObject\",\"inLanguage\":\"fr-FR\",\"@id\":\"https:\/\/canpamplona.com\/que-hacer-en-vic\/#primaryimage\",\"url\":\"https:\/\/canpamplona.com\/wp-content\/uploads\/2023\/07\/plaza-mayor-vic.jpg\",\"contentUrl\":\"https:\/\/canpamplona.com\/wp-content\/uploads\/2023\/07\/plaza-mayor-vic.jpg\",\"width\":612,\"height\":408,\"caption\":\"plaza mayor de vic\"},{\"@type\":\"BreadcrumbList\",\"@id\":\"https:\/\/canpamplona.com\/que-hacer-en-vic\/#breadcrumb\",\"itemListElement\":[{\"@type\":\"ListItem\",\"position\":1,\"name\":\"Portada\",\"item\":\"https:\/\/canpamplona.com\/\"},{\"@type\":\"ListItem\",\"position\":2,\"name\":\"Qu\u00e9 hacer en Vic\"}]},{\"@type\":\"WebSite\",\"@id\":\"\/#website\",\"url\":\"\/\",\"name\":\"Hotel Can Pamplona | Hotel En Vic | Web Oficial\",\"description\":\"Hotel Can Pamplona es un hotel en Vic B&amp;B. Un hotel urbano rehabilitado con un estilo moderno y al precio m\u00e1s econ\u00f3mico. Reserva aqu\u00ed.\",\"publisher\":{\"@id\":\"\/#organization\"},\"potentialAction\":[{\"@type\":\"SearchAction\",\"target\":{\"@type\":\"EntryPoint\",\"urlTemplate\":\"\/?s={search_term_string}\"},\"query-input\":{\"@type\":\"PropertyValueSpecification\",\"valueRequired\":true,\"valueName\":\"search_term_string\"}}],\"inLanguage\":\"fr-FR\"},{\"@type\":\"Organization\",\"@id\":\"\/#organization\",\"name\":\"Hotel Can Pamplona\",\"url\":\"\/\",\"logo\":{\"@type\":\"ImageObject\",\"inLanguage\":\"fr-FR\",\"@id\":\"\/#\/schema\/logo\/image\/\",\"url\":\"https:\/\/canpamplona.com\/wp-content\/uploads\/2025\/03\/LogoCanPamplonatopocolor-02.jpg\",\"contentUrl\":\"https:\/\/canpamplona.com\/wp-content\/uploads\/2025\/03\/LogoCanPamplonatopocolor-02.jpg\",\"width\":2480,\"height\":2480,\"caption\":\"Hotel Can Pamplona\"},\"image\":{\"@id\":\"\/#\/schema\/logo\/image\/\"},\"sameAs\":[\"https:\/\/www.facebook.com\/HotelCanPamplona\",\"https:\/\/www.instagram.com\/hotelcanpamplonavic\/\"]},{\"@type\":\"Person\",\"@id\":\"\/#\/schema\/person\/816857693f5cc947534e5efea06b46cf\",\"name\":\"LittHotels\",\"image\":{\"@type\":\"ImageObject\",\"inLanguage\":\"fr-FR\",\"@id\":\"\/#\/schema\/person\/image\/\",\"url\":\"https:\/\/canpamplona.com\/wp-content\/litespeed\/avatar\/f3cbe4ac27ac09ddf4fbb6c176eac63f.jpg?ver=1777295195\",\"contentUrl\":\"https:\/\/canpamplona.com\/wp-content\/litespeed\/avatar\/f3cbe4ac27ac09ddf4fbb6c176eac63f.jpg?ver=1777295195\",\"caption\":\"LittHotels\"}}]}<\/script>\n<!-- \/ Yoast SEO plugin. -->","yoast_head_json":{"title":"Que faire \u00e0 Victoria | H\u00f4tels \u00e0 Victoria | Blog Can Pamplona","description":"D\u00e9couvrez les activit\u00e9s \u00e0 faire \u00e0 Vic\u00a0: promenades dans le centre historique, itin\u00e9raires culturels, march\u00e9s, mus\u00e9es et activit\u00e9s locales pour profiter au maximum de votre visite.","robots":{"index":"index","follow":"follow","max-snippet":"max-snippet:-1","max-image-preview":"max-image-preview:large","max-video-preview":"max-video-preview:-1"},"canonical":"https:\/\/canpamplona.com\/fr\/que-hacer-en-vic\/","og_locale":"fr_FR","og_type":"article","og_title":"Qu\u00e9 hacer en Vic | Hotel en Vic | Blog Can Pamplona","og_description":"Descubre qu\u00e9 hacer en Vic: paseos por el casco hist\u00f3rico, rutas culturales, mercados, museos y actividades locales para aprovechar al m\u00e1ximo tu visita.","og_url":"https:\/\/canpamplona.com\/fr\/que-hacer-en-vic\/","og_site_name":"Hotel Can Pamplona | Hotel En Vic | Web Oficial","article_publisher":"https:\/\/www.facebook.com\/HotelCanPamplona","article_published_time":"2023-07-06T08:51:18+00:00","article_modified_time":"2025-12-04T08:21:27+00:00","og_image":[{"width":612,"height":408,"url":"https:\/\/canpamplona.com\/wp-content\/uploads\/2023\/07\/plaza-mayor-vic.jpg","type":"image\/jpeg"}],"author":"LittHotels","twitter_card":"summary_large_image","twitter_misc":{"\u00c9crit par":"LittHotels","Dur\u00e9e de lecture estim\u00e9e":"5 minutes"},"schema":{"@context":"https:\/\/schema.org","@graph":[{"@type":"Article","@id":"https:\/\/canpamplona.com\/que-hacer-en-vic\/#article","isPartOf":{"@id":"https:\/\/canpamplona.com\/que-hacer-en-vic\/"},"author":{"name":"LittHotels","@id":"\/#\/schema\/person\/816857693f5cc947534e5efea06b46cf"},"headline":"Qu\u00e9 hacer en Vic","datePublished":"2023-07-06T08:51:18+00:00","dateModified":"2025-12-04T08:21:27+00:00","mainEntityOfPage":{"@id":"https:\/\/canpamplona.com\/que-hacer-en-vic\/"},"wordCount":842,"publisher":{"@id":"\/#organization"},"image":{"@id":"https:\/\/canpamplona.com\/que-hacer-en-vic\/#primaryimage"},"thumbnailUrl":"https:\/\/canpamplona.com\/wp-content\/uploads\/2023\/07\/plaza-mayor-vic.jpg","articleSection":["Ocio y Cultura"],"inLanguage":"fr-FR"},{"@type":"WebPage","@id":"https:\/\/canpamplona.com\/que-hacer-en-vic\/","url":"https:\/\/canpamplona.com\/que-hacer-en-vic\/","name":"Que faire \u00e0 Victoria | H\u00f4tels \u00e0 Victoria | Blog Can Pamplona","isPartOf":{"@id":"\/#website"},"primaryImageOfPage":{"@id":"https:\/\/canpamplona.com\/que-hacer-en-vic\/#primaryimage"},"image":{"@id":"https:\/\/canpamplona.com\/que-hacer-en-vic\/#primaryimage"},"thumbnailUrl":"https:\/\/canpamplona.com\/wp-content\/uploads\/2023\/07\/plaza-mayor-vic.jpg","datePublished":"2023-07-06T08:51:18+00:00","dateModified":"2025-12-04T08:21:27+00:00","description":"D\u00e9couvrez les activit\u00e9s \u00e0 faire \u00e0 Vic\u00a0: promenades dans le centre historique, itin\u00e9raires culturels, march\u00e9s, mus\u00e9es et activit\u00e9s locales pour profiter au maximum de votre visite.","breadcrumb":{"@id":"https:\/\/canpamplona.com\/que-hacer-en-vic\/#breadcrumb"},"inLanguage":"fr-FR","potentialAction":[{"@type":"ReadAction","target":["https:\/\/canpamplona.com\/que-hacer-en-vic\/"]}]},{"@type":"ImageObject","inLanguage":"fr-FR","@id":"https:\/\/canpamplona.com\/que-hacer-en-vic\/#primaryimage","url":"https:\/\/canpamplona.com\/wp-content\/uploads\/2023\/07\/plaza-mayor-vic.jpg","contentUrl":"https:\/\/canpamplona.com\/wp-content\/uploads\/2023\/07\/plaza-mayor-vic.jpg","width":612,"height":408,"caption":"plaza mayor de vic"},{"@type":"BreadcrumbList","@id":"https:\/\/canpamplona.com\/que-hacer-en-vic\/#breadcrumb","itemListElement":[{"@type":"ListItem","position":1,"name":"Portada","item":"https:\/\/canpamplona.com\/"},{"@type":"ListItem","position":2,"name":"Qu\u00e9 hacer en Vic"}]},{"@type":"WebSite","@id":"\/#website","url":"\/","name":"H\u00f4tel Can Pampelune | H\u00f4tel \u00e0 Vic | Site officiel","description":"Hotel Can Pamplona est un h\u00f4tel de Vic B&amp;B. Un h\u00f4tel urbain r\u00e9habilit\u00e9 avec un style moderne et au prix le plus \u00e9conomique. R\u00e9servez ici.","publisher":{"@id":"\/#organization"},"potentialAction":[{"@type":"SearchAction","target":{"@type":"EntryPoint","urlTemplate":"\/?s={search_term_string}"},"query-input":{"@type":"PropertyValueSpecification","valueRequired":true,"valueName":"search_term_string"}}],"inLanguage":"fr-FR"},{"@type":"Organization","@id":"\/#organization","name":"H\u00f4tel Can Pampelune","url":"\/","logo":{"@type":"ImageObject","inLanguage":"fr-FR","@id":"\/#\/schema\/logo\/image\/","url":"https:\/\/canpamplona.com\/wp-content\/uploads\/2025\/03\/LogoCanPamplonatopocolor-02.jpg","contentUrl":"https:\/\/canpamplona.com\/wp-content\/uploads\/2025\/03\/LogoCanPamplonatopocolor-02.jpg","width":2480,"height":2480,"caption":"Hotel Can Pamplona"},"image":{"@id":"\/#\/schema\/logo\/image\/"},"sameAs":["https:\/\/www.facebook.com\/HotelCanPamplona","https:\/\/www.instagram.com\/hotelcanpamplonavic\/"]},{"@type":"Person","@id":"\/#\/schema\/person\/816857693f5cc947534e5efea06b46cf","name":"LittH\u00f4tels","image":{"@type":"ImageObject","inLanguage":"fr-FR","@id":"\/#\/schema\/person\/image\/","url":"https:\/\/canpamplona.com\/wp-content\/litespeed\/avatar\/f3cbe4ac27ac09ddf4fbb6c176eac63f.jpg?ver=1777295195","contentUrl":"https:\/\/canpamplona.com\/wp-content\/litespeed\/avatar\/f3cbe4ac27ac09ddf4fbb6c176eac63f.jpg?ver=1777295195","caption":"LittHotels"}}]}},"_links":{"self":[{"href":"https:\/\/canpamplona.com\/fr\/wp-json\/wp\/v2\/posts\/3309","targetHints":{"allow":["GET"]}}],"collection":[{"href":"https:\/\/canpamplona.com\/fr\/wp-json\/wp\/v2\/posts"}],"about":[{"href":"https:\/\/canpamplona.com\/fr\/wp-json\/wp\/v2\/types\/post"}],"author":[{"embeddable":true,"href":"https:\/\/canpamplona.com\/fr\/wp-json\/wp\/v2\/users\/2"}],"replies":[{"embeddable":true,"href":"https:\/\/canpamplona.com\/fr\/wp-json\/wp\/v2\/comments?post=3309"}],"version-history":[{"count":9,"href":"https:\/\/canpamplona.com\/fr\/wp-json\/wp\/v2\/posts\/3309\/revisions"}],"predecessor-version":[{"id":4222,"href":"https:\/\/canpamplona.com\/fr\/wp-json\/wp\/v2\/posts\/3309\/revisions\/4222"}],"wp:featuredmedia":[{"embeddable":true,"href":"https:\/\/canpamplona.com\/fr\/wp-json\/wp\/v2\/media\/3313"}],"wp:attachment":[{"href":"https:\/\/canpamplona.com\/fr\/wp-json\/wp\/v2\/media?parent=3309"}],"wp:term":[{"taxonomy":"category","embeddable":true,"href":"https:\/\/canpamplona.com\/fr\/wp-json\/wp\/v2\/categories?post=3309"},{"taxonomy":"post_tag","embeddable":true,"href":"https:\/\/canpamplona.com\/fr\/wp-json\/wp\/v2\/tags?post=3309"}],"curies":[{"name":"wp","href":"https:\/\/api.w.org\/{rel}","templated":true}]}}