{"id":3320,"date":"2023-07-06T09:21:05","date_gmt":"2023-07-06T09:21:05","guid":{"rendered":"https:\/\/canpamplona.com\/?p=3320"},"modified":"2025-12-04T08:18:38","modified_gmt":"2025-12-04T08:18:38","slug":"que-visitar-en-vic","status":"publish","type":"post","link":"https:\/\/canpamplona.com\/fr\/que-visitar-en-vic\/","title":{"rendered":"Que visiter \u00e0 Vic"},"content":{"rendered":"<div data-elementor-type=\"wp-post\" data-elementor-id=\"3320\" class=\"elementor elementor-3320\" data-elementor-post-type=\"post\">\n\t\t\t\t\t\t<section class=\"elementor-section elementor-top-section elementor-element elementor-element-86d653b elementor-section-boxed elementor-section-height-default elementor-section-height-default\" data-id=\"86d653b\" data-element_type=\"section\" data-e-type=\"section\">\n\t\t\t\t\t\t<div class=\"elementor-container elementor-column-gap-default\">\n\t\t\t\t\t<div class=\"elementor-column elementor-col-100 elementor-top-column elementor-element elementor-element-88b1651\" data-id=\"88b1651\" data-element_type=\"column\" data-e-type=\"column\">\n\t\t\t<div class=\"elementor-widget-wrap elementor-element-populated\">\n\t\t\t\t\t\t<div class=\"elementor-element elementor-element-ac3b0d6 elementor-widget elementor-widget-heading\" data-id=\"ac3b0d6\" data-element_type=\"widget\" data-e-type=\"widget\" data-widget_type=\"heading.default\">\n\t\t\t\t<div class=\"elementor-widget-container\">\n\t\t\t\t\t<h1 class=\"elementor-heading-title elementor-size-default\">Que visiter \u00e0 Vic<\/h1>\t\t\t\t<\/div>\n\t\t\t\t<\/div>\n\t\t\t\t<div class=\"elementor-element elementor-element-19ca9b4 elementor-widget elementor-widget-text-editor\" data-id=\"19ca9b4\" data-element_type=\"widget\" data-e-type=\"widget\" data-widget_type=\"text-editor.default\">\n\t\t\t\t<div class=\"elementor-widget-container\">\n\t\t\t\t\t\t\t\t\t<p><span style=\"font-weight: 400;\">Il y a certaines villes qui ont un <\/span><b>charme particulier<\/b><span style=\"font-weight: 400;\">. Que ce soit \u00e0 cause des b\u00e2timents, des gens ou de la culture, mais pour une raison \u00e9trange, ce d\u00e9sir de d\u00e9couvrir ce qui vous entoure s&#039;\u00e9veille en vous. D&#039;enqu\u00eater et de se perdre dans votre m\u00e9tropole. Et, sans aucun doute, Vic fait partie de ces villes au charme particulier. Elle regorge d&#039;\u00e9difices romans, de mus\u00e9es et de structures qui valent le d\u00e9tour.<\/span><\/p><p><span style=\"font-weight: 400;\">\u00catre une ville d&#039;environ <\/span><b>47 000 habitants<\/b><span style=\"font-weight: 400;\">, vous pourriez voir ses points d&#039;int\u00e9r\u00eat dans la m\u00eame journ\u00e9e. Mais je pense qu&#039;on peut mieux en profiter si on fait une petite escapade et d\u00e9couvrir la ville tranquillement en se reposant dans un endroit confortable. Et c&#039;est l\u00e0 que le <\/span><a href=\"https:\/\/canpamplona.com\/fr\/\"><b>H\u00f4tel Can Pampelune<\/b><\/a><span style=\"font-weight: 400;\"> peut nous aider, gr\u00e2ce \u00e0 son style unique et \u00e9l\u00e9gant, son option h\u00e9bergement + petit-d\u00e9jeuner et son excellent emplacement \u00e0 deux pas du grand centre historique de la ville.<\/span><\/p><p><span style=\"font-weight: 400;\">Dans le blog d&#039;aujourd&#039;hui, nous verrons les endroits les plus remarquables \u00e0 ne pas manquer si vous \u00eates \u00e0 Vic.<\/span><\/p>\t\t\t\t\t\t\t\t<\/div>\n\t\t\t\t<\/div>\n\t\t\t\t\t<\/div>\n\t\t<\/div>\n\t\t\t\t\t<\/div>\n\t\t<\/section>\n\t\t\t\t<section class=\"elementor-section elementor-top-section elementor-element elementor-element-80ae46f elementor-section-boxed elementor-section-height-default elementor-section-height-default\" data-id=\"80ae46f\" data-element_type=\"section\" data-e-type=\"section\">\n\t\t\t\t\t\t<div class=\"elementor-container elementor-column-gap-default\">\n\t\t\t\t\t<div class=\"elementor-column elementor-col-50 elementor-top-column elementor-element elementor-element-bbebd44\" data-id=\"bbebd44\" data-element_type=\"column\" data-e-type=\"column\">\n\t\t\t<div class=\"elementor-widget-wrap elementor-element-populated\">\n\t\t\t\t\t\t<div class=\"elementor-element elementor-element-5aa3389 elementor-widget elementor-widget-heading\" data-id=\"5aa3389\" data-element_type=\"widget\" data-e-type=\"widget\" data-widget_type=\"heading.default\">\n\t\t\t\t<div class=\"elementor-widget-container\">\n\t\t\t\t\t<h2 class=\"elementor-heading-title elementor-size-default\">La place principale<\/h2>\t\t\t\t<\/div>\n\t\t\t\t<\/div>\n\t\t\t\t<div class=\"elementor-element elementor-element-3162808 elementor-widget elementor-widget-text-editor\" data-id=\"3162808\" data-element_type=\"widget\" data-e-type=\"widget\" data-widget_type=\"text-editor.default\">\n\t\t\t\t<div class=\"elementor-widget-container\">\n\t\t\t\t\t\t\t\t\t<p><span style=\"font-weight: 400;\">Aussi connu sous le nom <\/span><b>Mercadal<\/b><span style=\"font-weight: 400;\">, est l&#039;un des lieux les plus embl\u00e9matiques de Vic, utilis\u00e9 comme place de march\u00e9 depuis le Moyen \u00c2ge jusqu&#039;\u00e0 aujourd&#039;hui, o\u00f9 chaque mardi et samedi le traditionnel <\/span><b>march\u00e9 hebdomadaire<\/b><span style=\"font-weight: 400;\">. De plus, de multiples foires et festivals y sont organis\u00e9s, comme le <\/span><i><span style=\"font-weight: 400;\">March\u00e9 aux b\u00e9liers<\/span><\/i><span style=\"font-weight: 400;\">, la <\/span><i><span style=\"font-weight: 400;\">Parti majeur<\/span><\/i><span style=\"font-weight: 400;\"> ou la <\/span><i><span style=\"font-weight: 400;\">March\u00e9 de la musique en direct<\/span><\/i><span style=\"font-weight: 400;\">.\u00a0<\/span><\/p>\t\t\t\t\t\t\t\t<\/div>\n\t\t\t\t<\/div>\n\t\t\t\t\t<\/div>\n\t\t<\/div>\n\t\t\t\t<div class=\"elementor-column elementor-col-50 elementor-top-column elementor-element elementor-element-018df73\" data-id=\"018df73\" data-element_type=\"column\" data-e-type=\"column\">\n\t\t\t<div class=\"elementor-widget-wrap elementor-element-populated\">\n\t\t\t\t\t\t<div class=\"elementor-element elementor-element-5c9b974 elementor-widget elementor-widget-image\" data-id=\"5c9b974\" data-element_type=\"widget\" data-e-type=\"widget\" data-widget_type=\"image.default\">\n\t\t\t\t<div class=\"elementor-widget-container\">\n\t\t\t\t\t\t\t\t\t\t\t\t\t\t\t<img decoding=\"async\" width=\"512\" height=\"341\" src=\"https:\/\/canpamplona.com\/wp-content\/uploads\/2023\/07\/plaza-mayorde-vic.jpg\" class=\"attachment-large size-large wp-image-3322 skip-lazy hero-lcp\" alt=\"Que voir \u00e0 Vic 3\" srcset=\"https:\/\/canpamplona.com\/wp-content\/uploads\/2023\/07\/plaza-mayorde-vic.jpg 512w, https:\/\/canpamplona.com\/wp-content\/uploads\/2023\/07\/plaza-mayorde-vic-300x200.jpg 300w, https:\/\/canpamplona.com\/wp-content\/uploads\/2023\/07\/plaza-mayorde-vic-18x12.jpg 18w\" sizes=\"(max-width: 512px) 100vw, 512px\" data-test=\"on\" fetchpriority=\"high\" data-no-lazy=\"1\" \/>\t\t\t\t\t\t\t\t\t\t\t\t\t\t\t<\/div>\n\t\t\t\t<\/div>\n\t\t\t\t\t<\/div>\n\t\t<\/div>\n\t\t\t\t\t<\/div>\n\t\t<\/section>\n\t\t\t\t<section class=\"elementor-section elementor-top-section elementor-element elementor-element-e909c79 elementor-section-boxed elementor-section-height-default elementor-section-height-default\" data-id=\"e909c79\" data-element_type=\"section\" data-e-type=\"section\">\n\t\t\t\t\t\t<div class=\"elementor-container elementor-column-gap-default\">\n\t\t\t\t\t<div class=\"elementor-column elementor-col-50 elementor-top-column elementor-element elementor-element-fe601a9\" data-id=\"fe601a9\" data-element_type=\"column\" data-e-type=\"column\">\n\t\t\t<div class=\"elementor-widget-wrap elementor-element-populated\">\n\t\t\t\t\t\t<div class=\"elementor-element elementor-element-c301d0a elementor-widget elementor-widget-image\" data-id=\"c301d0a\" data-element_type=\"widget\" data-e-type=\"widget\" data-widget_type=\"image.default\">\n\t\t\t\t<div class=\"elementor-widget-container\">\n\t\t\t\t\t\t\t\t\t\t\t\t\t\t\t<img loading=\"lazy\" decoding=\"async\" width=\"512\" height=\"339\" src=\"https:\/\/canpamplona.com\/wp-content\/uploads\/2023\/07\/ayuntamiento-de-vic.jpg\" class=\"attachment-large size-large wp-image-3323\" alt=\"\" srcset=\"https:\/\/canpamplona.com\/wp-content\/uploads\/2023\/07\/ayuntamiento-de-vic.jpg 512w, https:\/\/canpamplona.com\/wp-content\/uploads\/2023\/07\/ayuntamiento-de-vic-300x199.jpg 300w, https:\/\/canpamplona.com\/wp-content\/uploads\/2023\/07\/ayuntamiento-de-vic-18x12.jpg 18w\" sizes=\"auto, (max-width: 512px) 100vw, 512px\" data-test=\"on\" \/>\t\t\t\t\t\t\t\t\t\t\t\t\t\t\t<\/div>\n\t\t\t\t<\/div>\n\t\t\t\t\t<\/div>\n\t\t<\/div>\n\t\t\t\t<div class=\"elementor-column elementor-col-50 elementor-top-column elementor-element elementor-element-ffb68fe\" data-id=\"ffb68fe\" data-element_type=\"column\" data-e-type=\"column\">\n\t\t\t<div class=\"elementor-widget-wrap elementor-element-populated\">\n\t\t\t\t\t\t<div class=\"elementor-element elementor-element-ebb31b9 elementor-widget elementor-widget-heading\" data-id=\"ebb31b9\" data-element_type=\"widget\" data-e-type=\"widget\" data-widget_type=\"heading.default\">\n\t\t\t\t<div class=\"elementor-widget-container\">\n\t\t\t\t\t<h2 class=\"elementor-heading-title elementor-size-default\">La mairie<\/h2>\t\t\t\t<\/div>\n\t\t\t\t<\/div>\n\t\t\t\t<div class=\"elementor-element elementor-element-5886b2c elementor-widget elementor-widget-text-editor\" data-id=\"5886b2c\" data-element_type=\"widget\" data-e-type=\"widget\" data-widget_type=\"text-editor.default\">\n\t\t\t\t<div class=\"elementor-widget-container\">\n\t\t\t\t\t\t\t\t\t<p><span style=\"font-weight: 400;\">Sur la m\u00eame place principale, nous trouvons la mairie. un b\u00e2timent de <\/span><b>Style baroque<\/b><span style=\"font-weight: 400;\"> accompagn\u00e9 de son petit <\/span><b>tour de l&#039;horloge<\/b><span style=\"font-weight: 400;\">, qui sert aujourd&#039;hui d&#039;office de tourisme. Il poss\u00e8de \u00e9galement des peintures exceptionnelles de l&#039;auteur Josep Maria Sert, sur les murs du bureau.<\/span><\/p>\t\t\t\t\t\t\t\t<\/div>\n\t\t\t\t<\/div>\n\t\t\t\t\t<\/div>\n\t\t<\/div>\n\t\t\t\t\t<\/div>\n\t\t<\/section>\n\t\t\t\t<section class=\"elementor-section elementor-top-section elementor-element elementor-element-4133c23 elementor-section-boxed elementor-section-height-default elementor-section-height-default\" data-id=\"4133c23\" data-element_type=\"section\" data-e-type=\"section\">\n\t\t\t\t\t\t<div class=\"elementor-container elementor-column-gap-default\">\n\t\t\t\t\t<div class=\"elementor-column elementor-col-50 elementor-top-column elementor-element elementor-element-dfc346f\" data-id=\"dfc346f\" data-element_type=\"column\" data-e-type=\"column\">\n\t\t\t<div class=\"elementor-widget-wrap elementor-element-populated\">\n\t\t\t\t\t\t<div class=\"elementor-element elementor-element-4d05489 elementor-widget elementor-widget-heading\" data-id=\"4d05489\" data-element_type=\"widget\" data-e-type=\"widget\" data-widget_type=\"heading.default\">\n\t\t\t\t<div class=\"elementor-widget-container\">\n\t\t\t\t\t<h2 class=\"elementor-heading-title elementor-size-default\">Maison Comella<\/h2>\t\t\t\t<\/div>\n\t\t\t\t<\/div>\n\t\t\t\t<div class=\"elementor-element elementor-element-5560e08 elementor-widget elementor-widget-text-editor\" data-id=\"5560e08\" data-element_type=\"widget\" data-e-type=\"widget\" data-widget_type=\"text-editor.default\">\n\t\t\t\t<div class=\"elementor-widget-container\">\n\t\t\t\t\t\t\t\t\t<p><span style=\"font-weight: 400;\">A deux minutes \u00e0 pied nous avons cette surprenante maison n\u00e9o-gothique aux touches modernistes, \u0153uvre de l&#039;architecte <\/span><b>Gaieta Buigas<\/b><span style=\"font-weight: 400;\">, connu pour \u00eatre l&#039;auteur du c\u00e9l\u00e8bre monument \u00e0 Christophe Colomb, situ\u00e9 au bout des populaires Ramblas de Barcelone.<\/span><\/p><p><span style=\"font-weight: 400;\">Sa fa\u00e7ade spectaculaire vaut la peine d&#039;\u00eatre photographi\u00e9e si nous nous trouvons \u00e0 Vic.<\/span><\/p><p><span style=\"font-weight: 400;\">Malheureusement, l&#039;int\u00e9rieur de la maison n&#039;est pas ouvert au public.<\/span><\/p>\t\t\t\t\t\t\t\t<\/div>\n\t\t\t\t<\/div>\n\t\t\t\t\t<\/div>\n\t\t<\/div>\n\t\t\t\t<div class=\"elementor-column elementor-col-50 elementor-top-column elementor-element elementor-element-6525ca8\" data-id=\"6525ca8\" data-element_type=\"column\" data-e-type=\"column\">\n\t\t\t<div class=\"elementor-widget-wrap elementor-element-populated\">\n\t\t\t\t\t\t<div class=\"elementor-element elementor-element-c9c74fd elementor-widget elementor-widget-image\" data-id=\"c9c74fd\" data-element_type=\"widget\" data-e-type=\"widget\" data-widget_type=\"image.default\">\n\t\t\t\t<div class=\"elementor-widget-container\">\n\t\t\t\t\t\t\t\t\t\t\t\t\t\t\t<img loading=\"lazy\" decoding=\"async\" width=\"512\" height=\"329\" src=\"https:\/\/canpamplona.com\/wp-content\/uploads\/2023\/07\/casa-comella-vic.jpg\" class=\"attachment-large size-large wp-image-3324\" alt=\"\" srcset=\"https:\/\/canpamplona.com\/wp-content\/uploads\/2023\/07\/casa-comella-vic.jpg 512w, https:\/\/canpamplona.com\/wp-content\/uploads\/2023\/07\/casa-comella-vic-300x193.jpg 300w, https:\/\/canpamplona.com\/wp-content\/uploads\/2023\/07\/casa-comella-vic-18x12.jpg 18w\" sizes=\"auto, (max-width: 512px) 100vw, 512px\" data-test=\"on\" \/>\t\t\t\t\t\t\t\t\t\t\t\t\t\t\t<\/div>\n\t\t\t\t<\/div>\n\t\t\t\t\t<\/div>\n\t\t<\/div>\n\t\t\t\t\t<\/div>\n\t\t<\/section>\n\t\t\t\t<section class=\"elementor-section elementor-top-section elementor-element elementor-element-e05e7f6 elementor-section-boxed elementor-section-height-default elementor-section-height-default\" data-id=\"e05e7f6\" data-element_type=\"section\" data-e-type=\"section\">\n\t\t\t\t\t\t<div class=\"elementor-container elementor-column-gap-default\">\n\t\t\t\t\t<div class=\"elementor-column elementor-col-50 elementor-top-column elementor-element elementor-element-227e1e2\" data-id=\"227e1e2\" data-element_type=\"column\" data-e-type=\"column\">\n\t\t\t<div class=\"elementor-widget-wrap elementor-element-populated\">\n\t\t\t\t\t\t<div class=\"elementor-element elementor-element-7cc4fda elementor-widget elementor-widget-image\" data-id=\"7cc4fda\" data-element_type=\"widget\" data-e-type=\"widget\" data-widget_type=\"image.default\">\n\t\t\t\t<div class=\"elementor-widget-container\">\n\t\t\t\t\t\t\t\t\t\t\t\t\t\t\t<img loading=\"lazy\" decoding=\"async\" width=\"512\" height=\"381\" src=\"https:\/\/canpamplona.com\/wp-content\/uploads\/2023\/07\/museo-episcopal-vic.png\" class=\"attachment-large size-large wp-image-3325\" alt=\"\" srcset=\"https:\/\/canpamplona.com\/wp-content\/uploads\/2023\/07\/museo-episcopal-vic.png 512w, https:\/\/canpamplona.com\/wp-content\/uploads\/2023\/07\/museo-episcopal-vic-300x223.png 300w, https:\/\/canpamplona.com\/wp-content\/uploads\/2023\/07\/museo-episcopal-vic-16x12.png 16w\" sizes=\"auto, (max-width: 512px) 100vw, 512px\" data-test=\"on\" \/>\t\t\t\t\t\t\t\t\t\t\t\t\t\t\t<\/div>\n\t\t\t\t<\/div>\n\t\t\t\t\t<\/div>\n\t\t<\/div>\n\t\t\t\t<div class=\"elementor-column elementor-col-50 elementor-top-column elementor-element elementor-element-2868702\" data-id=\"2868702\" data-element_type=\"column\" data-e-type=\"column\">\n\t\t\t<div class=\"elementor-widget-wrap elementor-element-populated\">\n\t\t\t\t\t\t<div class=\"elementor-element elementor-element-7c36845 elementor-widget elementor-widget-heading\" data-id=\"7c36845\" data-element_type=\"widget\" data-e-type=\"widget\" data-widget_type=\"heading.default\">\n\t\t\t\t<div class=\"elementor-widget-container\">\n\t\t\t\t\t<h2 class=\"elementor-heading-title elementor-size-default\">Le Mus\u00e9e \u00e9piscopal de Vic\n<\/h2>\t\t\t\t<\/div>\n\t\t\t\t<\/div>\n\t\t\t\t<div class=\"elementor-element elementor-element-54bcb3d elementor-widget elementor-widget-text-editor\" data-id=\"54bcb3d\" data-element_type=\"widget\" data-e-type=\"widget\" data-widget_type=\"text-editor.default\">\n\t\t\t\t<div class=\"elementor-widget-container\">\n\t\t\t\t\t\t\t\t\t<p><span style=\"font-weight: 400;\">Si nous allons plus loin dans la ville, nous trouvons le <\/span><b>MEV<\/b><span style=\"font-weight: 400;\">, le mus\u00e9e \u00e9piscopal de Vic, \u00e0 seulement 5 minutes de la Plaza Mayor. Il contient l&#039;une des plus importantes collections d&#039;art m\u00e9di\u00e9val de toute l&#039;Europe. Il se compose d&#039;un total de <\/span><b>29 000 pi\u00e8ces<\/b><span style=\"font-weight: 400;\">, dont se distinguent ses peintures et sculptures, \u00e0 la fois gothiques et romanes.\u00a0<\/span><\/p><p>\u00a0<\/p><p><span style=\"font-weight: 400;\">Il est ouvert au public tous les jours de la semaine, sauf le lundi, bien que selon le jour ou s&#039;il s&#039;agit d&#039;un jour f\u00e9ri\u00e9, les horaires varient. L&#039;entr\u00e9e est au prix de 8 euros pour les adultes.<\/span><\/p>\t\t\t\t\t\t\t\t<\/div>\n\t\t\t\t<\/div>\n\t\t\t\t\t<\/div>\n\t\t<\/div>\n\t\t\t\t\t<\/div>\n\t\t<\/section>\n\t\t\t\t<section class=\"elementor-section elementor-top-section elementor-element elementor-element-bc2d133 elementor-section-boxed elementor-section-height-default elementor-section-height-default\" data-id=\"bc2d133\" data-element_type=\"section\" data-e-type=\"section\">\n\t\t\t\t\t\t<div class=\"elementor-container elementor-column-gap-default\">\n\t\t\t\t\t<div class=\"elementor-column elementor-col-50 elementor-top-column elementor-element elementor-element-a6e72ce\" data-id=\"a6e72ce\" data-element_type=\"column\" data-e-type=\"column\">\n\t\t\t<div class=\"elementor-widget-wrap elementor-element-populated\">\n\t\t\t\t\t\t<div class=\"elementor-element elementor-element-16ef73c elementor-widget elementor-widget-heading\" data-id=\"16ef73c\" data-element_type=\"widget\" data-e-type=\"widget\" data-widget_type=\"heading.default\">\n\t\t\t\t<div class=\"elementor-widget-container\">\n\t\t\t\t\t<h2 class=\"elementor-heading-title elementor-size-default\">Le temple romain<\/h2>\t\t\t\t<\/div>\n\t\t\t\t<\/div>\n\t\t\t\t<div class=\"elementor-element elementor-element-f53b80a elementor-widget elementor-widget-text-editor\" data-id=\"f53b80a\" data-element_type=\"widget\" data-e-type=\"widget\" data-widget_type=\"text-editor.default\">\n\t\t\t\t<div class=\"elementor-widget-container\">\n\t\t\t\t\t\t\t\t\t<p><span style=\"font-weight: 400;\">\u00c9galement situ\u00e9 \u00e0 5 minutes de la Plaza Mayor, se trouve le c\u00e9l\u00e8bre temple romain de Vic.Cette structure historique de la <\/span><b>1er si\u00e8cle<\/b><span style=\"font-weight: 400;\"> Il n&#039;a \u00e9t\u00e9 d\u00e9couvert qu&#039;en 1882, puisque le <\/span><b>ch\u00e2teau de montcada<\/b><span style=\"font-weight: 400;\">. Les murs du temple actuel formaient sa cour int\u00e9rieure.<\/span><\/p>\t\t\t\t\t\t\t\t<\/div>\n\t\t\t\t<\/div>\n\t\t\t\t\t<\/div>\n\t\t<\/div>\n\t\t\t\t<div class=\"elementor-column elementor-col-50 elementor-top-column elementor-element elementor-element-74fbbc8\" data-id=\"74fbbc8\" data-element_type=\"column\" data-e-type=\"column\">\n\t\t\t<div class=\"elementor-widget-wrap elementor-element-populated\">\n\t\t\t\t\t\t<div class=\"elementor-element elementor-element-ac8cbf9 elementor-widget elementor-widget-image\" data-id=\"ac8cbf9\" data-element_type=\"widget\" data-e-type=\"widget\" data-widget_type=\"image.default\">\n\t\t\t\t<div class=\"elementor-widget-container\">\n\t\t\t\t\t\t\t\t\t\t\t\t\t\t\t<img loading=\"lazy\" decoding=\"async\" width=\"512\" height=\"310\" src=\"https:\/\/canpamplona.com\/wp-content\/uploads\/2023\/07\/templo-romano-vic.jpg\" class=\"attachment-large size-large wp-image-3326\" alt=\"\" srcset=\"https:\/\/canpamplona.com\/wp-content\/uploads\/2023\/07\/templo-romano-vic.jpg 512w, https:\/\/canpamplona.com\/wp-content\/uploads\/2023\/07\/templo-romano-vic-300x182.jpg 300w, https:\/\/canpamplona.com\/wp-content\/uploads\/2023\/07\/templo-romano-vic-18x12.jpg 18w\" sizes=\"auto, (max-width: 512px) 100vw, 512px\" data-test=\"on\" \/>\t\t\t\t\t\t\t\t\t\t\t\t\t\t\t<\/div>\n\t\t\t\t<\/div>\n\t\t\t\t\t<\/div>\n\t\t<\/div>\n\t\t\t\t\t<\/div>\n\t\t<\/section>\n\t\t\t\t<section class=\"elementor-section elementor-top-section elementor-element elementor-element-eb5f8c5 elementor-section-boxed elementor-section-height-default elementor-section-height-default\" data-id=\"eb5f8c5\" data-element_type=\"section\" data-e-type=\"section\">\n\t\t\t\t\t\t<div class=\"elementor-container elementor-column-gap-default\">\n\t\t\t\t\t<div class=\"elementor-column elementor-col-50 elementor-top-column elementor-element elementor-element-0b910cd\" data-id=\"0b910cd\" data-element_type=\"column\" data-e-type=\"column\">\n\t\t\t<div class=\"elementor-widget-wrap elementor-element-populated\">\n\t\t\t\t\t\t<div class=\"elementor-element elementor-element-8242fb1 elementor-widget elementor-widget-image\" data-id=\"8242fb1\" data-element_type=\"widget\" data-e-type=\"widget\" data-widget_type=\"image.default\">\n\t\t\t\t<div class=\"elementor-widget-container\">\n\t\t\t\t\t\t\t\t\t\t\t\t\t\t\t<img loading=\"lazy\" decoding=\"async\" width=\"512\" height=\"486\" src=\"https:\/\/canpamplona.com\/wp-content\/uploads\/2023\/07\/catedral-vic.jpg\" class=\"attachment-large size-large wp-image-3327\" alt=\"\" srcset=\"https:\/\/canpamplona.com\/wp-content\/uploads\/2023\/07\/catedral-vic.jpg 512w, https:\/\/canpamplona.com\/wp-content\/uploads\/2023\/07\/catedral-vic-300x285.jpg 300w, https:\/\/canpamplona.com\/wp-content\/uploads\/2023\/07\/catedral-vic-13x12.jpg 13w\" sizes=\"auto, (max-width: 512px) 100vw, 512px\" data-test=\"on\" \/>\t\t\t\t\t\t\t\t\t\t\t\t\t\t\t<\/div>\n\t\t\t\t<\/div>\n\t\t\t\t\t<\/div>\n\t\t<\/div>\n\t\t\t\t<div class=\"elementor-column elementor-col-50 elementor-top-column elementor-element elementor-element-059d0f6\" data-id=\"059d0f6\" data-element_type=\"column\" data-e-type=\"column\">\n\t\t\t<div class=\"elementor-widget-wrap elementor-element-populated\">\n\t\t\t\t\t\t<div class=\"elementor-element elementor-element-a5946f3 elementor-widget elementor-widget-heading\" data-id=\"a5946f3\" data-element_type=\"widget\" data-e-type=\"widget\" data-widget_type=\"heading.default\">\n\t\t\t\t<div class=\"elementor-widget-container\">\n\t\t\t\t\t<h2 class=\"elementor-heading-title elementor-size-default\">La cath\u00e9dral<\/h2>\t\t\t\t<\/div>\n\t\t\t\t<\/div>\n\t\t\t\t<div class=\"elementor-element elementor-element-4bdafe2 elementor-widget elementor-widget-text-editor\" data-id=\"4bdafe2\" data-element_type=\"widget\" data-e-type=\"widget\" data-widget_type=\"text-editor.default\">\n\t\t\t\t<div class=\"elementor-widget-container\">\n\t\t\t\t\t\t\t\t\t<p><span style=\"font-weight: 400;\">Originaire de <\/span><b>XIe si\u00e8cle<\/b><span style=\"font-weight: 400;\">, la cath\u00e9drale de Vic est une visite incontournable \u00e0 faire. Il garde toujours son <\/span><b>clocher<\/b><span style=\"font-weight: 400;\">, qui est le plus haut de Catalogne en style roman, bien que le clo\u00eetre soit plus proche du gothique. l&#039;exquis <\/span><b>peintures murales<\/b><span style=\"font-weight: 400;\"> \u00e0 l&#039;int\u00e9rieur de la cath\u00e9drale portent la signature de Josep Maria Sert.<\/span><\/p><p><span style=\"font-weight: 400;\">Nous pouvons y acc\u00e9der gratuitement, mais pour visiter certains espaces sp\u00e9ciaux tels que la crypte, le retable principal et le clo\u00eetre susmentionn\u00e9, il faut payer 2 euros par personne. Sans aucun doute, cela en vaut la peine.<\/span><\/p>\t\t\t\t\t\t\t\t<\/div>\n\t\t\t\t<\/div>\n\t\t\t\t\t<\/div>\n\t\t<\/div>\n\t\t\t\t\t<\/div>\n\t\t<\/section>\n\t\t\t\t<section class=\"elementor-section elementor-top-section elementor-element elementor-element-f4f0e43 elementor-section-boxed elementor-section-height-default elementor-section-height-default\" data-id=\"f4f0e43\" data-element_type=\"section\" data-e-type=\"section\">\n\t\t\t\t\t\t<div class=\"elementor-container elementor-column-gap-default\">\n\t\t\t\t\t<div class=\"elementor-column elementor-col-50 elementor-top-column elementor-element elementor-element-9236516\" data-id=\"9236516\" data-element_type=\"column\" data-e-type=\"column\">\n\t\t\t<div class=\"elementor-widget-wrap elementor-element-populated\">\n\t\t\t\t\t\t<div class=\"elementor-element elementor-element-c38d246 elementor-widget elementor-widget-heading\" data-id=\"c38d246\" data-element_type=\"widget\" data-e-type=\"widget\" data-widget_type=\"heading.default\">\n\t\t\t\t<div class=\"elementor-widget-container\">\n\t\t\t\t\t<h2 class=\"elementor-heading-title elementor-size-default\">Le pont m\u00e9di\u00e9val de Queralt<\/h2>\t\t\t\t<\/div>\n\t\t\t\t<\/div>\n\t\t\t\t<div class=\"elementor-element elementor-element-c903d31 elementor-widget elementor-widget-text-editor\" data-id=\"c903d31\" data-element_type=\"widget\" data-e-type=\"widget\" data-widget_type=\"text-editor.default\">\n\t\t\t\t<div class=\"elementor-widget-container\">\n\t\t\t\t\t\t\t\t\t<p><span style=\"font-weight: 400;\">Situ\u00e9 sur les rives de la <\/span><b>fleuve meder<\/b><span style=\"font-weight: 400;\">, ce pont roman date de <\/span><b>XIe si\u00e8cle<\/b><span style=\"font-weight: 400;\">. Dans le pass\u00e9, c&#039;\u00e9tait celui qui permettait l&#039;acc\u00e8s \u00e0 ceux qui arrivaient de Barcelone.\u00a0<\/span><\/p><p><span style=\"font-weight: 400;\">Pour arriver au pont, nous devons passer par la Rambla del Bisbat, o\u00f9 se trouvaient autrefois les anciens murs de Vic. <\/span><b>tanneries<\/b><span style=\"font-weight: 400;\">, o\u00f9 les peaux \u00e9taient travaill\u00e9es et s\u00e9ch\u00e9es.<\/span><\/p>\t\t\t\t\t\t\t\t<\/div>\n\t\t\t\t<\/div>\n\t\t\t\t\t<\/div>\n\t\t<\/div>\n\t\t\t\t<div class=\"elementor-column elementor-col-50 elementor-top-column elementor-element elementor-element-03747a9\" data-id=\"03747a9\" data-element_type=\"column\" data-e-type=\"column\">\n\t\t\t<div class=\"elementor-widget-wrap elementor-element-populated\">\n\t\t\t\t\t\t<div class=\"elementor-element elementor-element-8ec71f4 elementor-widget elementor-widget-image\" data-id=\"8ec71f4\" data-element_type=\"widget\" data-e-type=\"widget\" data-widget_type=\"image.default\">\n\t\t\t\t<div class=\"elementor-widget-container\">\n\t\t\t\t\t\t\t\t\t\t\t\t\t\t\t<img loading=\"lazy\" decoding=\"async\" width=\"512\" height=\"341\" src=\"https:\/\/canpamplona.com\/wp-content\/uploads\/2023\/07\/puente-medieval-queralt.jpg\" class=\"attachment-large size-large wp-image-3329\" alt=\"\" srcset=\"https:\/\/canpamplona.com\/wp-content\/uploads\/2023\/07\/puente-medieval-queralt.jpg 512w, https:\/\/canpamplona.com\/wp-content\/uploads\/2023\/07\/puente-medieval-queralt-300x200.jpg 300w, https:\/\/canpamplona.com\/wp-content\/uploads\/2023\/07\/puente-medieval-queralt-18x12.jpg 18w\" sizes=\"auto, (max-width: 512px) 100vw, 512px\" data-test=\"on\" \/>\t\t\t\t\t\t\t\t\t\t\t\t\t\t\t<\/div>\n\t\t\t\t<\/div>\n\t\t\t\t\t<\/div>\n\t\t<\/div>\n\t\t\t\t\t<\/div>\n\t\t<\/section>\n\t\t\t\t<section class=\"elementor-section elementor-top-section elementor-element elementor-element-963c194 elementor-section-boxed elementor-section-height-default elementor-section-height-default\" data-id=\"963c194\" data-element_type=\"section\" data-e-type=\"section\">\n\t\t\t\t\t\t<div class=\"elementor-container elementor-column-gap-default\">\n\t\t\t\t\t<div class=\"elementor-column elementor-col-100 elementor-top-column elementor-element elementor-element-25d9f16\" data-id=\"25d9f16\" data-element_type=\"column\" data-e-type=\"column\">\n\t\t\t<div class=\"elementor-widget-wrap elementor-element-populated\">\n\t\t\t\t\t\t<div class=\"elementor-element elementor-element-dd38a68 elementor-widget elementor-widget-text-editor\" data-id=\"dd38a68\" data-element_type=\"widget\" data-e-type=\"widget\" data-widget_type=\"text-editor.default\">\n\t\t\t\t<div class=\"elementor-widget-container\">\n\t\t\t\t\t\t\t\t\t<p><span style=\"font-weight: 400;\">Comme vous pouvez le constater, Vic regorge de points et de lieux int\u00e9ressants \u00e0 visiter et \u00e0 d\u00e9couvrir. Alors maintenant vous savez, vous n&#039;avez plus qu&#039;\u00e0 r\u00e9server le <\/span><a href=\"https:\/\/canpamplona.com\/fr\/habitaciones-hotel-centro-vic\/\"><b>chambre<\/b><\/a><span style=\"font-weight: 400;\"> qui correspond le mieux \u00e0 vos besoins \u00e0 l&#039;H\u00f4tel Can Pamplona et commencez ce voyage que vous ne pouvez pas manquer.<\/span><\/p>\t\t\t\t\t\t\t\t<\/div>\n\t\t\t\t<\/div>\n\t\t\t\t\t<\/div>\n\t\t<\/div>\n\t\t\t\t\t<\/div>\n\t\t<\/section>\n\t\t\t\t<\/div>","protected":false},"excerpt":{"rendered":"<p>Qu\u00e9 visitar en Vic Hay ciertas ciudades que tienen un encanto especial. Ya sea por los edificios, la gente o la cultura, pero por alg\u00fan extra\u00f1o motivo despiertan en tu interior esas ganas de descubrir lo que te rodea. De investigar y perderte por su metr\u00f3polis. Y, sin ninguna duda, Vic es una de esas [&hellip;]<\/p>\n","protected":false},"author":2,"featured_media":3323,"comment_status":"closed","ping_status":"closed","sticky":false,"template":"","format":"standard","meta":{"site-sidebar-layout":"default","site-content-layout":"","ast-site-content-layout":"default","site-content-style":"default","site-sidebar-style":"default","ast-global-header-display":"","ast-banner-title-visibility":"","ast-main-header-display":"","ast-hfb-above-header-display":"","ast-hfb-below-header-display":"","ast-hfb-mobile-header-display":"","site-post-title":"disabled","ast-breadcrumbs-content":"","ast-featured-img":"disabled","footer-sml-layout":"","theme-transparent-header-meta":"","adv-header-id-meta":"","stick-header-meta":"","header-above-stick-meta":"","header-main-stick-meta":"","header-below-stick-meta":"","astra-migrate-meta-layouts":"set","ast-page-background-enabled":"default","ast-page-background-meta":{"desktop":{"background-color":"","background-image":"","background-repeat":"repeat","background-position":"center center","background-size":"auto","background-attachment":"scroll","background-type":"","background-media":"","overlay-type":"","overlay-color":"","overlay-gradient":""},"tablet":{"background-color":"","background-image":"","background-repeat":"repeat","background-position":"center center","background-size":"auto","background-attachment":"scroll","background-type":"","background-media":"","overlay-type":"","overlay-color":"","overlay-gradient":""},"mobile":{"background-color":"","background-image":"","background-repeat":"repeat","background-position":"center center","background-size":"auto","background-attachment":"scroll","background-type":"","background-media":"","overlay-type":"","overlay-color":"","overlay-gradient":""}},"ast-content-background-meta":{"desktop":{"background-color":"var(--ast-global-color-5)","background-image":"","background-repeat":"repeat","background-position":"center center","background-size":"auto","background-attachment":"scroll","background-type":"","background-media":"","overlay-type":"","overlay-color":"","overlay-gradient":""},"tablet":{"background-color":"var(--ast-global-color-5)","background-image":"","background-repeat":"repeat","background-position":"center center","background-size":"auto","background-attachment":"scroll","background-type":"","background-media":"","overlay-type":"","overlay-color":"","overlay-gradient":""},"mobile":{"background-color":"var(--ast-global-color-5)","background-image":"","background-repeat":"repeat","background-position":"center center","background-size":"auto","background-attachment":"scroll","background-type":"","background-media":"","overlay-type":"","overlay-color":"","overlay-gradient":""}},"footnotes":""},"categories":[47],"tags":[],"class_list":["post-3320","post","type-post","status-publish","format-standard","has-post-thumbnail","hentry","category-ocio-y-cultura"],"yoast_head":"<!-- This site is optimized with the Yoast SEO plugin v27.1.1 - https:\/\/yoast.com\/product\/yoast-seo-wordpress\/ -->\n<title>Qu\u00e9 visitar en Vic | Hotel en Vic | Blog Can Pamplona |<\/title>\n<meta name=\"description\" content=\"Descubre qu\u00e9 visitar en Vic: casco antiguo, templos, museos, mercados y rincones hist\u00f3ricos ideales para disfrutar la ciudad durante tu estancia.\" \/>\n<meta name=\"robots\" content=\"index, follow, max-snippet:-1, max-image-preview:large, max-video-preview:-1\" \/>\n<link rel=\"canonical\" href=\"https:\/\/canpamplona.com\/fr\/que-visitar-en-vic\/\" \/>\n<meta property=\"og:locale\" content=\"fr_FR\" \/>\n<meta property=\"og:type\" content=\"article\" \/>\n<meta property=\"og:title\" content=\"Qu\u00e9 visitar en Vic | Hotel en Vic | Blog Can Pamplona |\" \/>\n<meta property=\"og:description\" content=\"Descubre qu\u00e9 visitar en Vic: casco antiguo, templos, museos, mercados y rincones hist\u00f3ricos ideales para disfrutar la ciudad durante tu estancia.\" \/>\n<meta property=\"og:url\" content=\"https:\/\/canpamplona.com\/fr\/que-visitar-en-vic\/\" \/>\n<meta property=\"og:site_name\" content=\"Hotel Can Pamplona | Hotel En Vic | Web Oficial\" \/>\n<meta property=\"article:publisher\" content=\"https:\/\/www.facebook.com\/HotelCanPamplona\" \/>\n<meta property=\"article:published_time\" content=\"2023-07-06T09:21:05+00:00\" \/>\n<meta property=\"article:modified_time\" content=\"2025-12-04T08:18:38+00:00\" \/>\n<meta property=\"og:image\" content=\"https:\/\/canpamplona.com\/wp-content\/uploads\/2023\/07\/ayuntamiento-de-vic.jpg\" \/>\n\t<meta property=\"og:image:width\" content=\"512\" \/>\n\t<meta property=\"og:image:height\" content=\"339\" \/>\n\t<meta property=\"og:image:type\" content=\"image\/jpeg\" \/>\n<meta name=\"author\" content=\"LittHotels\" \/>\n<meta name=\"twitter:card\" content=\"summary_large_image\" \/>\n<meta name=\"twitter:label1\" content=\"\u00c9crit par\" \/>\n\t<meta name=\"twitter:data1\" content=\"LittHotels\" \/>\n\t<meta name=\"twitter:label2\" content=\"Dur\u00e9e de lecture estim\u00e9e\" \/>\n\t<meta name=\"twitter:data2\" content=\"5 minutes\" \/>\n<script type=\"application\/ld+json\" class=\"yoast-schema-graph\">{\"@context\":\"https:\/\/schema.org\",\"@graph\":[{\"@type\":\"Article\",\"@id\":\"https:\/\/canpamplona.com\/que-visitar-en-vic\/#article\",\"isPartOf\":{\"@id\":\"https:\/\/canpamplona.com\/que-visitar-en-vic\/\"},\"author\":{\"name\":\"LittHotels\",\"@id\":\"\/#\/schema\/person\/816857693f5cc947534e5efea06b46cf\"},\"headline\":\"Qu\u00e9 visitar en Vic\",\"datePublished\":\"2023-07-06T09:21:05+00:00\",\"dateModified\":\"2025-12-04T08:18:38+00:00\",\"mainEntityOfPage\":{\"@id\":\"https:\/\/canpamplona.com\/que-visitar-en-vic\/\"},\"wordCount\":770,\"publisher\":{\"@id\":\"\/#organization\"},\"image\":{\"@id\":\"https:\/\/canpamplona.com\/que-visitar-en-vic\/#primaryimage\"},\"thumbnailUrl\":\"https:\/\/canpamplona.com\/wp-content\/uploads\/2023\/07\/ayuntamiento-de-vic.jpg\",\"articleSection\":[\"Ocio y Cultura\"],\"inLanguage\":\"fr-FR\"},{\"@type\":\"WebPage\",\"@id\":\"https:\/\/canpamplona.com\/que-visitar-en-vic\/\",\"url\":\"https:\/\/canpamplona.com\/que-visitar-en-vic\/\",\"name\":\"Qu\u00e9 visitar en Vic | Hotel en Vic | Blog Can Pamplona |\",\"isPartOf\":{\"@id\":\"\/#website\"},\"primaryImageOfPage\":{\"@id\":\"https:\/\/canpamplona.com\/que-visitar-en-vic\/#primaryimage\"},\"image\":{\"@id\":\"https:\/\/canpamplona.com\/que-visitar-en-vic\/#primaryimage\"},\"thumbnailUrl\":\"https:\/\/canpamplona.com\/wp-content\/uploads\/2023\/07\/ayuntamiento-de-vic.jpg\",\"datePublished\":\"2023-07-06T09:21:05+00:00\",\"dateModified\":\"2025-12-04T08:18:38+00:00\",\"description\":\"Descubre qu\u00e9 visitar en Vic: casco antiguo, templos, museos, mercados y rincones hist\u00f3ricos ideales para disfrutar la ciudad durante tu estancia.\",\"breadcrumb\":{\"@id\":\"https:\/\/canpamplona.com\/que-visitar-en-vic\/#breadcrumb\"},\"inLanguage\":\"fr-FR\",\"potentialAction\":[{\"@type\":\"ReadAction\",\"target\":[\"https:\/\/canpamplona.com\/que-visitar-en-vic\/\"]}]},{\"@type\":\"ImageObject\",\"inLanguage\":\"fr-FR\",\"@id\":\"https:\/\/canpamplona.com\/que-visitar-en-vic\/#primaryimage\",\"url\":\"https:\/\/canpamplona.com\/wp-content\/uploads\/2023\/07\/ayuntamiento-de-vic.jpg\",\"contentUrl\":\"https:\/\/canpamplona.com\/wp-content\/uploads\/2023\/07\/ayuntamiento-de-vic.jpg\",\"width\":512,\"height\":339},{\"@type\":\"BreadcrumbList\",\"@id\":\"https:\/\/canpamplona.com\/que-visitar-en-vic\/#breadcrumb\",\"itemListElement\":[{\"@type\":\"ListItem\",\"position\":1,\"name\":\"Portada\",\"item\":\"https:\/\/canpamplona.com\/\"},{\"@type\":\"ListItem\",\"position\":2,\"name\":\"Qu\u00e9 visitar en Vic\"}]},{\"@type\":\"WebSite\",\"@id\":\"\/#website\",\"url\":\"\/\",\"name\":\"Hotel Can Pamplona | Hotel En Vic | Web Oficial\",\"description\":\"Hotel Can Pamplona es un hotel en Vic B&amp;B. Un hotel urbano rehabilitado con un estilo moderno y al precio m\u00e1s econ\u00f3mico. Reserva aqu\u00ed.\",\"publisher\":{\"@id\":\"\/#organization\"},\"potentialAction\":[{\"@type\":\"SearchAction\",\"target\":{\"@type\":\"EntryPoint\",\"urlTemplate\":\"\/?s={search_term_string}\"},\"query-input\":{\"@type\":\"PropertyValueSpecification\",\"valueRequired\":true,\"valueName\":\"search_term_string\"}}],\"inLanguage\":\"fr-FR\"},{\"@type\":\"Organization\",\"@id\":\"\/#organization\",\"name\":\"Hotel Can Pamplona\",\"url\":\"\/\",\"logo\":{\"@type\":\"ImageObject\",\"inLanguage\":\"fr-FR\",\"@id\":\"\/#\/schema\/logo\/image\/\",\"url\":\"https:\/\/canpamplona.com\/wp-content\/uploads\/2025\/03\/LogoCanPamplonatopocolor-02.jpg\",\"contentUrl\":\"https:\/\/canpamplona.com\/wp-content\/uploads\/2025\/03\/LogoCanPamplonatopocolor-02.jpg\",\"width\":2480,\"height\":2480,\"caption\":\"Hotel Can Pamplona\"},\"image\":{\"@id\":\"\/#\/schema\/logo\/image\/\"},\"sameAs\":[\"https:\/\/www.facebook.com\/HotelCanPamplona\",\"https:\/\/www.instagram.com\/hotelcanpamplonavic\/\"]},{\"@type\":\"Person\",\"@id\":\"\/#\/schema\/person\/816857693f5cc947534e5efea06b46cf\",\"name\":\"LittHotels\",\"image\":{\"@type\":\"ImageObject\",\"inLanguage\":\"fr-FR\",\"@id\":\"\/#\/schema\/person\/image\/\",\"url\":\"https:\/\/canpamplona.com\/wp-content\/litespeed\/avatar\/f3cbe4ac27ac09ddf4fbb6c176eac63f.jpg?ver=1777295195\",\"contentUrl\":\"https:\/\/canpamplona.com\/wp-content\/litespeed\/avatar\/f3cbe4ac27ac09ddf4fbb6c176eac63f.jpg?ver=1777295195\",\"caption\":\"LittHotels\"}}]}<\/script>\n<!-- \/ Yoast SEO plugin. -->","yoast_head_json":{"title":"Que visiter \u00e0 Vic | H\u00f4tels \u00e0 Vic | Blog Can Pamplona |","description":"D\u00e9couvrez les incontournables de Vic : la vieille ville, les temples, les mus\u00e9es, les march\u00e9s et les coins historiques, parfaits pour profiter pleinement de la ville pendant votre s\u00e9jour.","robots":{"index":"index","follow":"follow","max-snippet":"max-snippet:-1","max-image-preview":"max-image-preview:large","max-video-preview":"max-video-preview:-1"},"canonical":"https:\/\/canpamplona.com\/fr\/que-visitar-en-vic\/","og_locale":"fr_FR","og_type":"article","og_title":"Qu\u00e9 visitar en Vic | Hotel en Vic | Blog Can Pamplona |","og_description":"Descubre qu\u00e9 visitar en Vic: casco antiguo, templos, museos, mercados y rincones hist\u00f3ricos ideales para disfrutar la ciudad durante tu estancia.","og_url":"https:\/\/canpamplona.com\/fr\/que-visitar-en-vic\/","og_site_name":"Hotel Can Pamplona | Hotel En Vic | Web Oficial","article_publisher":"https:\/\/www.facebook.com\/HotelCanPamplona","article_published_time":"2023-07-06T09:21:05+00:00","article_modified_time":"2025-12-04T08:18:38+00:00","og_image":[{"width":512,"height":339,"url":"https:\/\/canpamplona.com\/wp-content\/uploads\/2023\/07\/ayuntamiento-de-vic.jpg","type":"image\/jpeg"}],"author":"LittHotels","twitter_card":"summary_large_image","twitter_misc":{"\u00c9crit par":"LittHotels","Dur\u00e9e de lecture estim\u00e9e":"5 minutes"},"schema":{"@context":"https:\/\/schema.org","@graph":[{"@type":"Article","@id":"https:\/\/canpamplona.com\/que-visitar-en-vic\/#article","isPartOf":{"@id":"https:\/\/canpamplona.com\/que-visitar-en-vic\/"},"author":{"name":"LittHotels","@id":"\/#\/schema\/person\/816857693f5cc947534e5efea06b46cf"},"headline":"Qu\u00e9 visitar en Vic","datePublished":"2023-07-06T09:21:05+00:00","dateModified":"2025-12-04T08:18:38+00:00","mainEntityOfPage":{"@id":"https:\/\/canpamplona.com\/que-visitar-en-vic\/"},"wordCount":770,"publisher":{"@id":"\/#organization"},"image":{"@id":"https:\/\/canpamplona.com\/que-visitar-en-vic\/#primaryimage"},"thumbnailUrl":"https:\/\/canpamplona.com\/wp-content\/uploads\/2023\/07\/ayuntamiento-de-vic.jpg","articleSection":["Ocio y Cultura"],"inLanguage":"fr-FR"},{"@type":"WebPage","@id":"https:\/\/canpamplona.com\/que-visitar-en-vic\/","url":"https:\/\/canpamplona.com\/que-visitar-en-vic\/","name":"Que visiter \u00e0 Vic | H\u00f4tels \u00e0 Vic | Blog Can Pamplona |","isPartOf":{"@id":"\/#website"},"primaryImageOfPage":{"@id":"https:\/\/canpamplona.com\/que-visitar-en-vic\/#primaryimage"},"image":{"@id":"https:\/\/canpamplona.com\/que-visitar-en-vic\/#primaryimage"},"thumbnailUrl":"https:\/\/canpamplona.com\/wp-content\/uploads\/2023\/07\/ayuntamiento-de-vic.jpg","datePublished":"2023-07-06T09:21:05+00:00","dateModified":"2025-12-04T08:18:38+00:00","description":"D\u00e9couvrez les incontournables de Vic : la vieille ville, les temples, les mus\u00e9es, les march\u00e9s et les coins historiques, parfaits pour profiter pleinement de la ville pendant votre s\u00e9jour.","breadcrumb":{"@id":"https:\/\/canpamplona.com\/que-visitar-en-vic\/#breadcrumb"},"inLanguage":"fr-FR","potentialAction":[{"@type":"ReadAction","target":["https:\/\/canpamplona.com\/que-visitar-en-vic\/"]}]},{"@type":"ImageObject","inLanguage":"fr-FR","@id":"https:\/\/canpamplona.com\/que-visitar-en-vic\/#primaryimage","url":"https:\/\/canpamplona.com\/wp-content\/uploads\/2023\/07\/ayuntamiento-de-vic.jpg","contentUrl":"https:\/\/canpamplona.com\/wp-content\/uploads\/2023\/07\/ayuntamiento-de-vic.jpg","width":512,"height":339},{"@type":"BreadcrumbList","@id":"https:\/\/canpamplona.com\/que-visitar-en-vic\/#breadcrumb","itemListElement":[{"@type":"ListItem","position":1,"name":"Portada","item":"https:\/\/canpamplona.com\/"},{"@type":"ListItem","position":2,"name":"Qu\u00e9 visitar en Vic"}]},{"@type":"WebSite","@id":"\/#website","url":"\/","name":"H\u00f4tel Can Pampelune | H\u00f4tel \u00e0 Vic | Site officiel","description":"Hotel Can Pamplona est un h\u00f4tel de Vic B&amp;B. Un h\u00f4tel urbain r\u00e9habilit\u00e9 avec un style moderne et au prix le plus \u00e9conomique. R\u00e9servez ici.","publisher":{"@id":"\/#organization"},"potentialAction":[{"@type":"SearchAction","target":{"@type":"EntryPoint","urlTemplate":"\/?s={search_term_string}"},"query-input":{"@type":"PropertyValueSpecification","valueRequired":true,"valueName":"search_term_string"}}],"inLanguage":"fr-FR"},{"@type":"Organization","@id":"\/#organization","name":"H\u00f4tel Can Pampelune","url":"\/","logo":{"@type":"ImageObject","inLanguage":"fr-FR","@id":"\/#\/schema\/logo\/image\/","url":"https:\/\/canpamplona.com\/wp-content\/uploads\/2025\/03\/LogoCanPamplonatopocolor-02.jpg","contentUrl":"https:\/\/canpamplona.com\/wp-content\/uploads\/2025\/03\/LogoCanPamplonatopocolor-02.jpg","width":2480,"height":2480,"caption":"Hotel Can Pamplona"},"image":{"@id":"\/#\/schema\/logo\/image\/"},"sameAs":["https:\/\/www.facebook.com\/HotelCanPamplona","https:\/\/www.instagram.com\/hotelcanpamplonavic\/"]},{"@type":"Person","@id":"\/#\/schema\/person\/816857693f5cc947534e5efea06b46cf","name":"LittH\u00f4tels","image":{"@type":"ImageObject","inLanguage":"fr-FR","@id":"\/#\/schema\/person\/image\/","url":"https:\/\/canpamplona.com\/wp-content\/litespeed\/avatar\/f3cbe4ac27ac09ddf4fbb6c176eac63f.jpg?ver=1777295195","contentUrl":"https:\/\/canpamplona.com\/wp-content\/litespeed\/avatar\/f3cbe4ac27ac09ddf4fbb6c176eac63f.jpg?ver=1777295195","caption":"LittHotels"}}]}},"_links":{"self":[{"href":"https:\/\/canpamplona.com\/fr\/wp-json\/wp\/v2\/posts\/3320","targetHints":{"allow":["GET"]}}],"collection":[{"href":"https:\/\/canpamplona.com\/fr\/wp-json\/wp\/v2\/posts"}],"about":[{"href":"https:\/\/canpamplona.com\/fr\/wp-json\/wp\/v2\/types\/post"}],"author":[{"embeddable":true,"href":"https:\/\/canpamplona.com\/fr\/wp-json\/wp\/v2\/users\/2"}],"replies":[{"embeddable":true,"href":"https:\/\/canpamplona.com\/fr\/wp-json\/wp\/v2\/comments?post=3320"}],"version-history":[{"count":9,"href":"https:\/\/canpamplona.com\/fr\/wp-json\/wp\/v2\/posts\/3320\/revisions"}],"predecessor-version":[{"id":4220,"href":"https:\/\/canpamplona.com\/fr\/wp-json\/wp\/v2\/posts\/3320\/revisions\/4220"}],"wp:featuredmedia":[{"embeddable":true,"href":"https:\/\/canpamplona.com\/fr\/wp-json\/wp\/v2\/media\/3323"}],"wp:attachment":[{"href":"https:\/\/canpamplona.com\/fr\/wp-json\/wp\/v2\/media?parent=3320"}],"wp:term":[{"taxonomy":"category","embeddable":true,"href":"https:\/\/canpamplona.com\/fr\/wp-json\/wp\/v2\/categories?post=3320"},{"taxonomy":"post_tag","embeddable":true,"href":"https:\/\/canpamplona.com\/fr\/wp-json\/wp\/v2\/tags?post=3320"}],"curies":[{"name":"wp","href":"https:\/\/api.w.org\/{rel}","templated":true}]}}