{"id":3335,"date":"2023-07-06T09:44:26","date_gmt":"2023-07-06T09:44:26","guid":{"rendered":"https:\/\/canpamplona.com\/?p=3335"},"modified":"2025-12-04T08:15:35","modified_gmt":"2025-12-04T08:15:35","slug":"mercat-del-ram-vic","status":"publish","type":"post","link":"https:\/\/canpamplona.com\/fr\/mercat-del-ram-vic\/","title":{"rendered":"March\u00e9 aux b\u00e9liers \u00e0 Vic"},"content":{"rendered":"<div data-elementor-type=\"wp-post\" data-elementor-id=\"3335\" class=\"elementor elementor-3335\" data-elementor-post-type=\"post\">\n\t\t\t\t\t\t<section class=\"elementor-section elementor-top-section elementor-element elementor-element-dc870c3 elementor-section-boxed elementor-section-height-default elementor-section-height-default\" data-id=\"dc870c3\" data-element_type=\"section\" data-e-type=\"section\">\n\t\t\t\t\t\t<div class=\"elementor-container elementor-column-gap-default\">\n\t\t\t\t\t<div class=\"elementor-column elementor-col-100 elementor-top-column elementor-element elementor-element-cc9ce10\" data-id=\"cc9ce10\" data-element_type=\"column\" data-e-type=\"column\">\n\t\t\t<div class=\"elementor-widget-wrap elementor-element-populated\">\n\t\t\t\t\t\t<div class=\"elementor-element elementor-element-1edd996 elementor-widget elementor-widget-heading\" data-id=\"1edd996\" data-element_type=\"widget\" data-e-type=\"widget\" data-widget_type=\"heading.default\">\n\t\t\t\t<div class=\"elementor-widget-container\">\n\t\t\t\t\t<h1 class=\"elementor-heading-title elementor-size-default\">March\u00e9 aux b\u00e9liers \u00e0 Vic<\/h1>\t\t\t\t<\/div>\n\t\t\t\t<\/div>\n\t\t\t\t<div class=\"elementor-element elementor-element-ece595f elementor-widget elementor-widget-heading\" data-id=\"ece595f\" data-element_type=\"widget\" data-e-type=\"widget\" data-widget_type=\"heading.default\">\n\t\t\t\t<div class=\"elementor-widget-container\">\n\t\t\t\t\t<h2 class=\"elementor-heading-title elementor-size-default\">Le march\u00e9 historique de Vic<\/h2>\t\t\t\t<\/div>\n\t\t\t\t<\/div>\n\t\t\t\t<div class=\"elementor-element elementor-element-aeaf715 elementor-widget elementor-widget-text-editor\" data-id=\"aeaf715\" data-element_type=\"widget\" data-e-type=\"widget\" data-widget_type=\"text-editor.default\">\n\t\t\t\t<div class=\"elementor-widget-container\">\n\t\t\t\t\t\t\t\t\t<p>La<b> March\u00e9 aux b\u00e9liers \u00e0 Vic<\/b> C&#039;est l&#039;un des \u00e9v\u00e9nements les plus importants et les plus attendus de la ville catalane de Vic. Il est c\u00e9l\u00e9br\u00e9 chaque ann\u00e9e lors de la <b>Semaine Sainte<\/b> et est l&#039;un des <b>march\u00e9s les plus anciens d&#039;Espagne, avec une grande renomm\u00e9e et beaucoup d&#039;affluence<\/b>. Ce qui a commenc\u00e9 dans le <b>13\u00e8me si\u00e8cle comme rendez-vous pour la vente de b\u00e9tail et d&#039;autres produits agricoles<\/b>Aujourd&#039;hui, il s&#039;est diversifi\u00e9 pour inclure une large gamme de produits, notamment de l&#039;alimentation, de l&#039;artisanat, des v\u00eatements et bien plus encore. Et tout cela sans compter les multiples activit\u00e9s r\u00e9alis\u00e9es pour cet \u00e9v\u00e9nement.<\/p>\t\t\t\t\t\t\t\t<\/div>\n\t\t\t\t<\/div>\n\t\t\t\t<div class=\"elementor-element elementor-element-81acbaf elementor-widget elementor-widget-image\" data-id=\"81acbaf\" data-element_type=\"widget\" data-e-type=\"widget\" data-widget_type=\"image.default\">\n\t\t\t\t<div class=\"elementor-widget-container\">\n\t\t\t\t\t\t\t\t\t\t\t\t\t\t\t<img loading=\"lazy\" decoding=\"async\" width=\"471\" height=\"298\" src=\"https:\/\/canpamplona.com\/wp-content\/uploads\/2023\/07\/mercat-vic.jpg\" class=\"attachment-large size-large wp-image-3715\" alt=\"\" srcset=\"https:\/\/canpamplona.com\/wp-content\/uploads\/2023\/07\/mercat-vic.jpg 471w, https:\/\/canpamplona.com\/wp-content\/uploads\/2023\/07\/mercat-vic-300x190.jpg 300w, https:\/\/canpamplona.com\/wp-content\/uploads\/2023\/07\/mercat-vic-18x12.jpg 18w\" sizes=\"auto, (max-width: 471px) 100vw, 471px\" data-test=\"on\" \/>\t\t\t\t\t\t\t\t\t\t\t\t\t\t\t<\/div>\n\t\t\t\t<\/div>\n\t\t\t\t<div class=\"elementor-element elementor-element-b998d22 elementor-widget elementor-widget-text-editor\" data-id=\"b998d22\" data-element_type=\"widget\" data-e-type=\"widget\" data-widget_type=\"text-editor.default\">\n\t\t\t\t<div class=\"elementor-widget-container\">\n\t\t\t\t\t\t\t\t\t<p><span style=\"font-style: inherit; font-weight: inherit; background-color: var(--ast-global-color-5); color: var(--ast-global-color-3);\">C&#039;est le bon moment pour planifier une escapade et profiter du <\/span><b style=\"font-style: inherit; background-color: var(--ast-global-color-5); color: var(--ast-global-color-3);\">\u00abMarch\u00e9 aux b\u00e9liers\u00bb<\/b><span style=\"font-style: inherit; font-weight: inherit; background-color: var(--ast-global-color-5); color: var(--ast-global-color-3);\"> et tout ce qu&#039;il nous offre.\u00a0<\/span><\/p><p>Si vous recherchez un logement, dans le\u00a0<b>H\u00f4tel Can Pampelune\u00a0<\/b>Nous serons heureux de vous accueillir, ici, dans notre <b>Lit et petit d\u00e9jeun\u00e9<\/b> Vous trouverez un environnement agr\u00e9able, un traitement familier et vous profiterez sans aucun doute d&#039;un <b>emplacement privil\u00e9gi\u00e9<\/b>, puisque nous sommes tr\u00e8s <b>pr\u00e8s du centre.<\/b>\u00a0<\/p><p>Dans le blog d&#039;aujourd&#039;hui, nous d\u00e9couvrirons tout ce que le &quot;Mercat del Ram&quot; nous propose, tant les produits que les activit\u00e9s.<\/p>\t\t\t\t\t\t\t\t<\/div>\n\t\t\t\t<\/div>\n\t\t\t\t<div class=\"elementor-element elementor-element-3429627 elementor-widget elementor-widget-heading\" data-id=\"3429627\" data-element_type=\"widget\" data-e-type=\"widget\" data-widget_type=\"heading.default\">\n\t\t\t\t<div class=\"elementor-widget-container\">\n\t\t\t\t\t<h2 class=\"elementor-heading-title elementor-size-default\">Activit\u00e9s et produits locaux<\/h2>\t\t\t\t<\/div>\n\t\t\t\t<\/div>\n\t\t\t\t<div class=\"elementor-element elementor-element-41a3ba6 elementor-widget elementor-widget-text-editor\" data-id=\"41a3ba6\" data-element_type=\"widget\" data-e-type=\"widget\" data-widget_type=\"text-editor.default\">\n\t\t\t\t<div class=\"elementor-widget-container\">\n\t\t\t\t\t\t\t\t\t<p>L&#039;un des \u00e9l\u00e9ments les plus remarquables du Mercat del Ram est son atmosph\u00e8re festive et accueillante. La ville de Vic se transforme pendant la semaine du march\u00e9 et les visiteurs se sentent les bienvenus \u00e0 chaque coin de rue. De plus, il existe une grande vari\u00e9t\u00e9 de stands de restauration et de boissons qui proposent de d\u00e9licieux produits locaux, tels que de la charcuterie, des fromages, des vins et des sucreries. Les visiteurs peuvent go\u00fbter \u00e0 la gastronomie locale et ramener chez eux certains des produits typiques de la r\u00e9gion.<\/p>\t\t\t\t\t\t\t\t<\/div>\n\t\t\t\t<\/div>\n\t\t\t\t<div class=\"elementor-element elementor-element-f49a834 elementor-widget elementor-widget-heading\" data-id=\"f49a834\" data-element_type=\"widget\" data-e-type=\"widget\" data-widget_type=\"heading.default\">\n\t\t\t\t<div class=\"elementor-widget-container\">\n\t\t\t\t\t<h3 class=\"elementor-heading-title elementor-size-default\">Vous recherchez une offre gastronomique?<\/h3>\t\t\t\t<\/div>\n\t\t\t\t<\/div>\n\t\t\t\t<div class=\"elementor-element elementor-element-3cedc7b elementor-widget elementor-widget-text-editor\" data-id=\"3cedc7b\" data-element_type=\"widget\" data-e-type=\"widget\" data-widget_type=\"text-editor.default\">\n\t\t\t\t<div class=\"elementor-widget-container\">\n\t\t\t\t\t\t\t\t\t<p>Bien s\u00fbr, vous trouverez de bonnes propositions \u00e0 vous l\u00e9cher les doigts ! Promenez-vous et rendez-vous au Paseo, l&#039;Espai Terra i Cuina vous attend, o\u00f9 vous trouverez des produits locaux, de la bi\u00e8re et de la musique, le tout pr\u00eat \u00e0 ravir les palais avides de nouvelles sensations.<\/p>\t\t\t\t\t\t\t\t<\/div>\n\t\t\t\t<\/div>\n\t\t\t\t<div class=\"elementor-element elementor-element-4a5c944 elementor-widget elementor-widget-image\" data-id=\"4a5c944\" data-element_type=\"widget\" data-e-type=\"widget\" data-widget_type=\"image.default\">\n\t\t\t\t<div class=\"elementor-widget-container\">\n\t\t\t\t\t\t\t\t\t\t\t\t\t\t\t<img loading=\"lazy\" decoding=\"async\" width=\"600\" height=\"400\" src=\"https:\/\/canpamplona.com\/wp-content\/uploads\/2023\/07\/MERCAT-RAM-2022-34-600x400.jpg\" class=\"attachment-woocommerce_single size-woocommerce_single wp-image-3338\" alt=\"\" srcset=\"https:\/\/canpamplona.com\/wp-content\/uploads\/2023\/07\/MERCAT-RAM-2022-34-600x400.jpg 600w, https:\/\/canpamplona.com\/wp-content\/uploads\/2023\/07\/MERCAT-RAM-2022-34-300x200.jpg 300w, https:\/\/canpamplona.com\/wp-content\/uploads\/2023\/07\/MERCAT-RAM-2022-34-1024x683.jpg 1024w, https:\/\/canpamplona.com\/wp-content\/uploads\/2023\/07\/MERCAT-RAM-2022-34-768x512.jpg 768w, https:\/\/canpamplona.com\/wp-content\/uploads\/2023\/07\/MERCAT-RAM-2022-34-1536x1024.jpg 1536w, https:\/\/canpamplona.com\/wp-content\/uploads\/2023\/07\/MERCAT-RAM-2022-34-2048x1365.jpg 2048w, https:\/\/canpamplona.com\/wp-content\/uploads\/2023\/07\/MERCAT-RAM-2022-34-18x12.jpg 18w\" sizes=\"auto, (max-width: 600px) 100vw, 600px\" data-test=\"on\" \/>\t\t\t\t\t\t\t\t\t\t\t\t\t\t\t<\/div>\n\t\t\t\t<\/div>\n\t\t\t\t<div class=\"elementor-element elementor-element-94c8fe2 elementor-widget elementor-widget-text-editor\" data-id=\"94c8fe2\" data-element_type=\"widget\" data-e-type=\"widget\" data-widget_type=\"text-editor.default\">\n\t\t\t\t<div class=\"elementor-widget-container\">\n\t\t\t\t\t\t\t\t\t<p>Un autre point qui attire l&#039;attention du monde entier sont les activit\u00e9s qui sont men\u00e9es en l&#039;honneur du march\u00e9. Les plus notables et les plus connus sont :<\/p>\t\t\t\t\t\t\t\t<\/div>\n\t\t\t\t<\/div>\n\t\t\t\t<div class=\"elementor-element elementor-element-4f03805 elementor-widget elementor-widget-heading\" data-id=\"4f03805\" data-element_type=\"widget\" data-e-type=\"widget\" data-widget_type=\"heading.default\">\n\t\t\t\t<div class=\"elementor-widget-container\">\n\t\t\t\t\t<h3 class=\"elementor-heading-title elementor-size-default\">La maison des pages<\/h3>\t\t\t\t<\/div>\n\t\t\t\t<\/div>\n\t\t\t\t<div class=\"elementor-element elementor-element-8b7b93e elementor-widget elementor-widget-text-editor\" data-id=\"8b7b93e\" data-element_type=\"widget\" data-e-type=\"widget\" data-widget_type=\"text-editor.default\">\n\t\t\t\t<div class=\"elementor-widget-container\">\n\t\t\t\t\t\t\t\t\t<p><span lang=\"ES-TRAD\">Situ\u00e9 <\/span><span lang=\"ES-TRAD\">dans le <b>Pavillon du Parc des Expositions d&#039;El Sucre<\/b>. Il s&#039;agit d&#039;une initiative qui vise \u00e0 rapprocher la vie rurale de la <b>public plus familier et <\/b><\/span><span lang=\"ES-TRAD\"><b>destin\u00e9 \u00e0 conna\u00eetre au jour le jour ce qui se passe dans les fermes<\/b>. \u00c0 l&#039;int\u00e9rieur, il y a diff\u00e9rentes zones, comme le champ, le verger, le grain et l&#039;\u00e9curie. Chacun expliquant le processus agricole au public, avec des animaux inclus. Tout est pr\u00e9par\u00e9 pour divertir et informer les visiteurs, avec plusieurs <b>ateliers, <\/b><\/span><b><span lang=\"ES-TRAD\">des expositions <\/span><span lang=\"ES-TRAD\">et activit\u00e9s p\u00e9dagogiques<\/span><span lang=\"ES-TRAD\">, pour tous les \u00e2ges.<\/span><\/b><\/p>\t\t\t\t\t\t\t\t<\/div>\n\t\t\t\t<\/div>\n\t\t\t\t<div class=\"elementor-element elementor-element-99116a7 elementor-widget elementor-widget-image\" data-id=\"99116a7\" data-element_type=\"widget\" data-e-type=\"widget\" data-widget_type=\"image.default\">\n\t\t\t\t<div class=\"elementor-widget-container\">\n\t\t\t\t\t\t\t\t\t\t\t\t\t\t\t<img loading=\"lazy\" decoding=\"async\" width=\"600\" height=\"400\" src=\"https:\/\/canpamplona.com\/wp-content\/uploads\/2023\/07\/MERCAT-RAM-2022-14-600x400.jpg\" class=\"attachment-woocommerce_single size-woocommerce_single wp-image-3339\" alt=\"\" srcset=\"https:\/\/canpamplona.com\/wp-content\/uploads\/2023\/07\/MERCAT-RAM-2022-14-600x400.jpg 600w, https:\/\/canpamplona.com\/wp-content\/uploads\/2023\/07\/MERCAT-RAM-2022-14-300x200.jpg 300w, https:\/\/canpamplona.com\/wp-content\/uploads\/2023\/07\/MERCAT-RAM-2022-14-1024x683.jpg 1024w, https:\/\/canpamplona.com\/wp-content\/uploads\/2023\/07\/MERCAT-RAM-2022-14-768x512.jpg 768w, https:\/\/canpamplona.com\/wp-content\/uploads\/2023\/07\/MERCAT-RAM-2022-14-1536x1024.jpg 1536w, https:\/\/canpamplona.com\/wp-content\/uploads\/2023\/07\/MERCAT-RAM-2022-14-2048x1365.jpg 2048w, https:\/\/canpamplona.com\/wp-content\/uploads\/2023\/07\/MERCAT-RAM-2022-14-18x12.jpg 18w\" sizes=\"auto, (max-width: 600px) 100vw, 600px\" data-test=\"on\" \/>\t\t\t\t\t\t\t\t\t\t\t\t\t\t\t<\/div>\n\t\t\t\t<\/div>\n\t\t\t\t<div class=\"elementor-element elementor-element-5d3a3a4 elementor-widget elementor-widget-heading\" data-id=\"5d3a3a4\" data-element_type=\"widget\" data-e-type=\"widget\" data-widget_type=\"heading.default\">\n\t\t\t\t<div class=\"elementor-widget-container\">\n\t\t\t\t\t<h3 class=\"elementor-heading-title elementor-size-default\">Les chevaux<\/h3>\t\t\t\t<\/div>\n\t\t\t\t<\/div>\n\t\t\t\t<div class=\"elementor-element elementor-element-f5eddc3 elementor-widget elementor-widget-text-editor\" data-id=\"f5eddc3\" data-element_type=\"widget\" data-e-type=\"widget\" data-widget_type=\"text-editor.default\">\n\t\t\t\t<div class=\"elementor-widget-container\">\n\t\t\t\t\t\t\t\t\t<p>Pendant le week-end, dans la zone sportive, il y a diverses expositions, concours de dressage, saut d&#039;obstacles et toutes sortes de spectacles avec un protagoniste commun, les chevaux.<\/p>\t\t\t\t\t\t\t\t<\/div>\n\t\t\t\t<\/div>\n\t\t\t\t<div class=\"elementor-element elementor-element-ca44b23 elementor-widget elementor-widget-image\" data-id=\"ca44b23\" data-element_type=\"widget\" data-e-type=\"widget\" data-widget_type=\"image.default\">\n\t\t\t\t<div class=\"elementor-widget-container\">\n\t\t\t\t\t\t\t\t\t\t\t\t\t\t\t<img loading=\"lazy\" decoding=\"async\" width=\"510\" height=\"300\" src=\"https:\/\/canpamplona.com\/wp-content\/uploads\/2023\/07\/mercat_ram_vic_cavall_510.jpg\" class=\"attachment-woocommerce_single size-woocommerce_single wp-image-3713\" alt=\"\" srcset=\"https:\/\/canpamplona.com\/wp-content\/uploads\/2023\/07\/mercat_ram_vic_cavall_510.jpg 510w, https:\/\/canpamplona.com\/wp-content\/uploads\/2023\/07\/mercat_ram_vic_cavall_510-300x176.jpg 300w, https:\/\/canpamplona.com\/wp-content\/uploads\/2023\/07\/mercat_ram_vic_cavall_510-18x12.jpg 18w\" sizes=\"auto, (max-width: 510px) 100vw, 510px\" data-test=\"on\" \/>\t\t\t\t\t\t\t\t\t\t\t\t\t\t\t<\/div>\n\t\t\t\t<\/div>\n\t\t\t\t<div class=\"elementor-element elementor-element-b946b8f elementor-widget elementor-widget-heading\" data-id=\"b946b8f\" data-element_type=\"widget\" data-e-type=\"widget\" data-widget_type=\"heading.default\">\n\t\t\t\t<div class=\"elementor-widget-container\">\n\t\t\t\t\t<h2 class=\"elementor-heading-title elementor-size-default\">Autres activit\u00e9s<\/h2>\t\t\t\t<\/div>\n\t\t\t\t<\/div>\n\t\t\t\t<div class=\"elementor-element elementor-element-fe2f179 elementor-widget elementor-widget-text-editor\" data-id=\"fe2f179\" data-element_type=\"widget\" data-e-type=\"widget\" data-widget_type=\"text-editor.default\">\n\t\t\t\t<div class=\"elementor-widget-container\">\n\t\t\t\t\t\t\t\t\t<p>Outre les nombreuses activit\u00e9s et spectacles li\u00e9s \u00e0 l&#039;agriculture, d&#039;autres types d&#039;\u00e9v\u00e9nements ont \u00e9galement lieu pendant le Mercat del Ram, tels que des comp\u00e9titions sportives, des concours, diverses expositions de tours humaines, etc.<\/p>\t\t\t\t\t\t\t\t<\/div>\n\t\t\t\t<\/div>\n\t\t\t\t<div class=\"elementor-element elementor-element-d8b4bdb elementor-widget elementor-widget-image\" data-id=\"d8b4bdb\" data-element_type=\"widget\" data-e-type=\"widget\" data-widget_type=\"image.default\">\n\t\t\t\t<div class=\"elementor-widget-container\">\n\t\t\t\t\t\t\t\t\t\t\t\t\t\t\t<img loading=\"lazy\" decoding=\"async\" width=\"600\" height=\"400\" src=\"https:\/\/canpamplona.com\/wp-content\/uploads\/2023\/07\/MERCAT-RAM-2022-41-600x400.jpg\" class=\"attachment-woocommerce_single size-woocommerce_single wp-image-3341\" alt=\"\" srcset=\"https:\/\/canpamplona.com\/wp-content\/uploads\/2023\/07\/MERCAT-RAM-2022-41-600x400.jpg 600w, https:\/\/canpamplona.com\/wp-content\/uploads\/2023\/07\/MERCAT-RAM-2022-41-300x200.jpg 300w, https:\/\/canpamplona.com\/wp-content\/uploads\/2023\/07\/MERCAT-RAM-2022-41-1024x683.jpg 1024w, https:\/\/canpamplona.com\/wp-content\/uploads\/2023\/07\/MERCAT-RAM-2022-41-768x512.jpg 768w, https:\/\/canpamplona.com\/wp-content\/uploads\/2023\/07\/MERCAT-RAM-2022-41-1536x1024.jpg 1536w, https:\/\/canpamplona.com\/wp-content\/uploads\/2023\/07\/MERCAT-RAM-2022-41-2048x1365.jpg 2048w, https:\/\/canpamplona.com\/wp-content\/uploads\/2023\/07\/MERCAT-RAM-2022-41-18x12.jpg 18w\" sizes=\"auto, (max-width: 600px) 100vw, 600px\" data-test=\"on\" \/>\t\t\t\t\t\t\t\t\t\t\t\t\t\t\t<\/div>\n\t\t\t\t<\/div>\n\t\t\t\t<div class=\"elementor-element elementor-element-4991868 elementor-widget elementor-widget-text-editor\" data-id=\"4991868\" data-element_type=\"widget\" data-e-type=\"widget\" data-widget_type=\"text-editor.default\">\n\t\t\t\t<div class=\"elementor-widget-container\">\n\t\t\t\t\t\t\t\t\t<p>Pour les plus petits, Vic pr\u00e9pare une multitude de surprises. <b>La Pla\u00e7a dels M\u00e0rtirs et la Pla\u00e7a de Santa Eul\u00e0lia vous attendent pour passer de bons moments en famille.<\/b><\/p><p>Si cela attire votre attention <b>artisanat<\/b>, vous le trouverez \u00e9galement ici, alors n&#039;h\u00e9sitez pas \u00e0 venir au <b>Rue Santa Joaquina de Vedruna,<\/b> car vous \u00eates s\u00fbr d&#039;emporter quelques souvenirs avec vous.<\/p><p>\u00c0 cela s\u2019ajoute une vari\u00e9t\u00e9 d\u2019activit\u00e9s traditionnelles plus profond\u00e9ment enracin\u00e9es telles que <b>Castells, g\u00e9gants et sardanes <\/b>ainsi qu&#039;une multitude d&#039;autres offres : \u00c9chantillons de machines agricoles, horticoles, de jardinage,...<\/p><p>\u00a0<\/p><p>Si cela ne vous suffit pas, vous pouvez toujours essayer d&#039;autres activit\u00e9s aussi incroyables que faire un tour <b>montgolfi\u00e8re<\/b>.<\/p>\t\t\t\t\t\t\t\t<\/div>\n\t\t\t\t<\/div>\n\t\t\t\t<div class=\"elementor-element elementor-element-a80abfe elementor-widget elementor-widget-image\" data-id=\"a80abfe\" data-element_type=\"widget\" data-e-type=\"widget\" data-widget_type=\"image.default\">\n\t\t\t\t<div class=\"elementor-widget-container\">\n\t\t\t\t\t\t\t\t\t\t\t\t\t\t\t<img loading=\"lazy\" decoding=\"async\" width=\"600\" height=\"400\" src=\"https:\/\/canpamplona.com\/wp-content\/uploads\/2023\/07\/605c95326c1ac-600x400.jpeg\" class=\"attachment-woocommerce_single size-woocommerce_single wp-image-3694\" alt=\"\" srcset=\"https:\/\/canpamplona.com\/wp-content\/uploads\/2023\/07\/605c95326c1ac-600x400.jpeg 600w, https:\/\/canpamplona.com\/wp-content\/uploads\/2023\/07\/605c95326c1ac-300x200.jpeg 300w, https:\/\/canpamplona.com\/wp-content\/uploads\/2023\/07\/605c95326c1ac-1024x683.jpeg 1024w, https:\/\/canpamplona.com\/wp-content\/uploads\/2023\/07\/605c95326c1ac-768x512.jpeg 768w, https:\/\/canpamplona.com\/wp-content\/uploads\/2023\/07\/605c95326c1ac-18x12.jpeg 18w, https:\/\/canpamplona.com\/wp-content\/uploads\/2023\/07\/605c95326c1ac.jpeg 1200w\" sizes=\"auto, (max-width: 600px) 100vw, 600px\" data-test=\"on\" \/>\t\t\t\t\t\t\t\t\t\t\t\t\t\t\t<\/div>\n\t\t\t\t<\/div>\n\t\t\t\t<div class=\"elementor-element elementor-element-ba75217 elementor-widget elementor-widget-text-editor\" data-id=\"ba75217\" data-element_type=\"widget\" data-e-type=\"widget\" data-widget_type=\"text-editor.default\">\n\t\t\t\t<div class=\"elementor-widget-container\">\n\t\t\t\t\t\t\t\t\t<p><span style=\"font-style: inherit; font-weight: inherit; background-color: var(--ast-global-color-5); color: var(--ast-global-color-3);\">Et comme Vic est tr\u00e8s pr\u00e9voyant, ils en ont organis\u00e9 deux \u00bb<\/span><b style=\"font-style: inherit; background-color: var(--ast-global-color-5); color: var(--ast-global-color-3);\">\u00ab lanets \u00bb gratuits \u00e0 utiliser avec un itin\u00e9raire organis\u00e9<\/b><span style=\"font-style: inherit; font-weight: inherit; background-color: var(--ast-global-color-5); color: var(--ast-global-color-3);\"> \u00e0 travers les zones o\u00f9 sont programm\u00e9es les activit\u00e9s du Mercat del Ram.<\/span><\/p><p>Alors maintenant, il n&#039;y a plus d&#039;excuse, vous allez aimer tout, tout, vous allez passer des jours merveilleux et profiter d&#039;un repos r\u00e9parateur dans nos installations, r\u00e9servez votre chambre au\u00a0<b><a href=\"https:\/\/canpamplona.com\/fr\/reservas\/\">H\u00f4tel Can Pampelune<\/a>\u00a0et pr\u00e9parez-vous \u00e0 profiter de Vic.<\/b><\/p><p>Nous t&#039;attendons!<\/p>\t\t\t\t\t\t\t\t<\/div>\n\t\t\t\t<\/div>\n\t\t\t\t<div class=\"elementor-element elementor-element-239438b elementor-widget__width-initial elementor-widget elementor-widget-image\" data-id=\"239438b\" data-element_type=\"widget\" data-e-type=\"widget\" data-widget_type=\"image.default\">\n\t\t\t\t<div class=\"elementor-widget-container\">\n\t\t\t\t\t\t\t\t\t\t\t\t\t\t\t<img loading=\"lazy\" decoding=\"async\" width=\"1024\" height=\"683\" src=\"https:\/\/canpamplona.com\/wp-content\/uploads\/2023\/06\/20221123_CanPamplona_005-1024x683.jpg\" class=\"attachment-large size-large wp-image-3188\" alt=\"\" srcset=\"https:\/\/canpamplona.com\/wp-content\/uploads\/2023\/06\/20221123_CanPamplona_005-1024x683.jpg 1024w, https:\/\/canpamplona.com\/wp-content\/uploads\/2023\/06\/20221123_CanPamplona_005-300x200.jpg 300w, https:\/\/canpamplona.com\/wp-content\/uploads\/2023\/06\/20221123_CanPamplona_005-768x512.jpg 768w, https:\/\/canpamplona.com\/wp-content\/uploads\/2023\/06\/20221123_CanPamplona_005-1536x1024.jpg 1536w, https:\/\/canpamplona.com\/wp-content\/uploads\/2023\/06\/20221123_CanPamplona_005-2048x1366.jpg 2048w, https:\/\/canpamplona.com\/wp-content\/uploads\/2023\/06\/20221123_CanPamplona_005-18x12.jpg 18w, https:\/\/canpamplona.com\/wp-content\/uploads\/2023\/06\/20221123_CanPamplona_005-600x400.jpg 600w\" sizes=\"auto, (max-width: 1024px) 100vw, 1024px\" data-test=\"on\" \/>\t\t\t\t\t\t\t\t\t\t\t\t\t\t\t<\/div>\n\t\t\t\t<\/div>\n\t\t\t\t<div class=\"elementor-element elementor-element-30a863e elementor-widget__width-initial elementor-widget elementor-widget-image\" data-id=\"30a863e\" data-element_type=\"widget\" data-e-type=\"widget\" data-widget_type=\"image.default\">\n\t\t\t\t<div class=\"elementor-widget-container\">\n\t\t\t\t\t\t\t\t\t\t\t\t\t\t\t<img loading=\"lazy\" decoding=\"async\" width=\"1024\" height=\"683\" src=\"https:\/\/canpamplona.com\/wp-content\/uploads\/2023\/10\/170601-Can-Pamplona-BAIXA-46-1024x683.jpg\" class=\"attachment-large size-large wp-image-3450\" alt=\"\" srcset=\"https:\/\/canpamplona.com\/wp-content\/uploads\/2023\/10\/170601-Can-Pamplona-BAIXA-46-1024x683.jpg 1024w, https:\/\/canpamplona.com\/wp-content\/uploads\/2023\/10\/170601-Can-Pamplona-BAIXA-46-300x200.jpg 300w, https:\/\/canpamplona.com\/wp-content\/uploads\/2023\/10\/170601-Can-Pamplona-BAIXA-46-768x512.jpg 768w, https:\/\/canpamplona.com\/wp-content\/uploads\/2023\/10\/170601-Can-Pamplona-BAIXA-46-1536x1024.jpg 1536w, https:\/\/canpamplona.com\/wp-content\/uploads\/2023\/10\/170601-Can-Pamplona-BAIXA-46-18x12.jpg 18w, https:\/\/canpamplona.com\/wp-content\/uploads\/2023\/10\/170601-Can-Pamplona-BAIXA-46-600x400.jpg 600w, https:\/\/canpamplona.com\/wp-content\/uploads\/2023\/10\/170601-Can-Pamplona-BAIXA-46.jpg 1842w\" sizes=\"auto, (max-width: 1024px) 100vw, 1024px\" data-test=\"on\" \/>\t\t\t\t\t\t\t\t\t\t\t\t\t\t\t<\/div>\n\t\t\t\t<\/div>\n\t\t\t\t<div class=\"elementor-element elementor-element-25b2df0 elementor-widget elementor-widget-heading\" data-id=\"25b2df0\" data-element_type=\"widget\" data-e-type=\"widget\" data-widget_type=\"heading.default\">\n\t\t\t\t<div class=\"elementor-widget-container\">\n\t\t\t\t\t<h2 class=\"elementor-heading-title elementor-size-default\"><br>Autres march\u00e9s et \u00e9v\u00e9nements \u00e0 Vic<\/h2>\t\t\t\t<\/div>\n\t\t\t\t<\/div>\n\t\t\t\t<div class=\"elementor-element elementor-element-5de62bc elementor-widget elementor-widget-text-editor\" data-id=\"5de62bc\" data-element_type=\"widget\" data-e-type=\"widget\" data-widget_type=\"text-editor.default\">\n\t\t\t\t<div class=\"elementor-widget-container\">\n\t\t\t\t\t\t\t\t\t<p>Le Mercat del Ram est un \u00e9v\u00e9nement unique et sp\u00e9cial dans la ville de Vic.Si vous aimez les march\u00e9s traditionnels, la gastronomie et la culture, c&#039;est un \u00e9v\u00e9nement \u00e0 ne pas manquer. De plus, si vous avez l&#039;occasion de visiter Vic \u00e0 d&#039;autres moments de l&#039;ann\u00e9e, la ville a d&#039;autres march\u00e9s et festivals int\u00e9ressants qui valent \u00e9galement la peine d&#039;\u00eatre visit\u00e9s. Certains d&#039;entre eux sont le march\u00e9 m\u00e9di\u00e9val, le festival international de jazz, le festival de musique ancienne et le march\u00e9 Nadal.\u00a0<\/p>\t\t\t\t\t\t\t\t<\/div>\n\t\t\t\t<\/div>\n\t\t\t\t\t<\/div>\n\t\t<\/div>\n\t\t\t\t\t<\/div>\n\t\t<\/section>\n\t\t\t\t<\/div>","protected":false},"excerpt":{"rendered":"<p>Mercat del Ram de Vic El hist\u00f3rico Mercado de Vic El Mercat del Ram de Vic es uno de los eventos m\u00e1s importantes y esperados de la ciudad catalana de Vic. Se celebra anualmente durante la Semana Santa y es uno de los mercados m\u00e1s antiguos de Espa\u00f1a, con gran renombre y mucha afluencia. Lo [&hellip;]<\/p>\n","protected":false},"author":2,"featured_media":3702,"comment_status":"closed","ping_status":"closed","sticky":false,"template":"","format":"standard","meta":{"site-sidebar-layout":"default","site-content-layout":"","ast-site-content-layout":"default","site-content-style":"default","site-sidebar-style":"default","ast-global-header-display":"","ast-banner-title-visibility":"","ast-main-header-display":"","ast-hfb-above-header-display":"","ast-hfb-below-header-display":"","ast-hfb-mobile-header-display":"","site-post-title":"disabled","ast-breadcrumbs-content":"","ast-featured-img":"disabled","footer-sml-layout":"","theme-transparent-header-meta":"","adv-header-id-meta":"","stick-header-meta":"","header-above-stick-meta":"","header-main-stick-meta":"","header-below-stick-meta":"","astra-migrate-meta-layouts":"set","ast-page-background-enabled":"default","ast-page-background-meta":{"desktop":{"background-color":"","background-image":"","background-repeat":"repeat","background-position":"center center","background-size":"auto","background-attachment":"scroll","background-type":"","background-media":"","overlay-type":"","overlay-color":"","overlay-gradient":""},"tablet":{"background-color":"","background-image":"","background-repeat":"repeat","background-position":"center center","background-size":"auto","background-attachment":"scroll","background-type":"","background-media":"","overlay-type":"","overlay-color":"","overlay-gradient":""},"mobile":{"background-color":"","background-image":"","background-repeat":"repeat","background-position":"center center","background-size":"auto","background-attachment":"scroll","background-type":"","background-media":"","overlay-type":"","overlay-color":"","overlay-gradient":""}},"ast-content-background-meta":{"desktop":{"background-color":"var(--ast-global-color-5)","background-image":"","background-repeat":"repeat","background-position":"center center","background-size":"auto","background-attachment":"scroll","background-type":"","background-media":"","overlay-type":"","overlay-color":"","overlay-gradient":""},"tablet":{"background-color":"var(--ast-global-color-5)","background-image":"","background-repeat":"repeat","background-position":"center center","background-size":"auto","background-attachment":"scroll","background-type":"","background-media":"","overlay-type":"","overlay-color":"","overlay-gradient":""},"mobile":{"background-color":"var(--ast-global-color-5)","background-image":"","background-repeat":"repeat","background-position":"center center","background-size":"auto","background-attachment":"scroll","background-type":"","background-media":"","overlay-type":"","overlay-color":"","overlay-gradient":""}},"footnotes":""},"categories":[46],"tags":[],"class_list":["post-3335","post","type-post","status-publish","format-standard","has-post-thumbnail","hentry","category-ferias-festivales-y-mercados"],"yoast_head":"<!-- This site is optimized with the Yoast SEO plugin v27.1.1 - https:\/\/yoast.com\/product\/yoast-seo-wordpress\/ -->\n<title>Mercat del Ram de Vic: tradici\u00f3n y vida agr\u00edcola<\/title>\n<meta name=\"description\" content=\"Descubre el Mercat del Ram de Vic: una fiesta agr\u00edcola con animales, actividades, deporte y gastronom\u00eda que llena la ciudad de ambiente durante la Semana Santa.\" \/>\n<meta name=\"robots\" content=\"index, follow, max-snippet:-1, max-image-preview:large, max-video-preview:-1\" \/>\n<link rel=\"canonical\" href=\"https:\/\/canpamplona.com\/fr\/mercat-del-ram-vic\/\" \/>\n<meta property=\"og:locale\" content=\"fr_FR\" \/>\n<meta property=\"og:type\" content=\"article\" \/>\n<meta property=\"og:title\" content=\"Mercat del Ram de Vic: tradici\u00f3n y vida agr\u00edcola\" \/>\n<meta property=\"og:description\" content=\"Descubre el Mercat del Ram de Vic: una fiesta agr\u00edcola con animales, actividades, deporte y gastronom\u00eda que llena la ciudad de ambiente durante la Semana Santa.\" \/>\n<meta property=\"og:url\" content=\"https:\/\/canpamplona.com\/fr\/mercat-del-ram-vic\/\" \/>\n<meta property=\"og:site_name\" content=\"Hotel Can Pamplona | Hotel En Vic | Web Oficial\" \/>\n<meta property=\"article:publisher\" content=\"https:\/\/www.facebook.com\/HotelCanPamplona\" \/>\n<meta property=\"article:published_time\" content=\"2023-07-06T09:44:26+00:00\" \/>\n<meta property=\"article:modified_time\" content=\"2025-12-04T08:15:35+00:00\" \/>\n<meta property=\"og:image\" content=\"https:\/\/canpamplona.com\/wp-content\/uploads\/2023\/07\/mercat_del_Ram_Vic_foto_Josep_M_Costa_2017-002.jpg\" \/>\n\t<meta property=\"og:image:width\" content=\"1008\" \/>\n\t<meta property=\"og:image:height\" content=\"706\" \/>\n\t<meta property=\"og:image:type\" content=\"image\/jpeg\" \/>\n<meta name=\"author\" content=\"LittHotels\" \/>\n<meta name=\"twitter:card\" content=\"summary_large_image\" \/>\n<meta name=\"twitter:label1\" content=\"\u00c9crit par\" \/>\n\t<meta name=\"twitter:data1\" content=\"LittHotels\" \/>\n\t<meta name=\"twitter:label2\" content=\"Dur\u00e9e de lecture estim\u00e9e\" \/>\n\t<meta name=\"twitter:data2\" content=\"6 minutes\" \/>\n<script type=\"application\/ld+json\" class=\"yoast-schema-graph\">{\"@context\":\"https:\/\/schema.org\",\"@graph\":[{\"@type\":\"Article\",\"@id\":\"https:\/\/canpamplona.com\/mercat-del-ram-vic\/#article\",\"isPartOf\":{\"@id\":\"https:\/\/canpamplona.com\/mercat-del-ram-vic\/\"},\"author\":{\"name\":\"LittHotels\",\"@id\":\"\/#\/schema\/person\/816857693f5cc947534e5efea06b46cf\"},\"headline\":\"Mercat del Ram de Vic\",\"datePublished\":\"2023-07-06T09:44:26+00:00\",\"dateModified\":\"2025-12-04T08:15:35+00:00\",\"mainEntityOfPage\":{\"@id\":\"https:\/\/canpamplona.com\/mercat-del-ram-vic\/\"},\"wordCount\":858,\"publisher\":{\"@id\":\"\/#organization\"},\"image\":{\"@id\":\"https:\/\/canpamplona.com\/mercat-del-ram-vic\/#primaryimage\"},\"thumbnailUrl\":\"https:\/\/canpamplona.com\/wp-content\/uploads\/2023\/07\/mercat_del_Ram_Vic_foto_Josep_M_Costa_2017-002.jpg\",\"articleSection\":[\"Ferias, Festivales y Mercados\"],\"inLanguage\":\"fr-FR\"},{\"@type\":\"WebPage\",\"@id\":\"https:\/\/canpamplona.com\/mercat-del-ram-vic\/\",\"url\":\"https:\/\/canpamplona.com\/mercat-del-ram-vic\/\",\"name\":\"Mercat del Ram de Vic: tradici\u00f3n y vida agr\u00edcola\",\"isPartOf\":{\"@id\":\"\/#website\"},\"primaryImageOfPage\":{\"@id\":\"https:\/\/canpamplona.com\/mercat-del-ram-vic\/#primaryimage\"},\"image\":{\"@id\":\"https:\/\/canpamplona.com\/mercat-del-ram-vic\/#primaryimage\"},\"thumbnailUrl\":\"https:\/\/canpamplona.com\/wp-content\/uploads\/2023\/07\/mercat_del_Ram_Vic_foto_Josep_M_Costa_2017-002.jpg\",\"datePublished\":\"2023-07-06T09:44:26+00:00\",\"dateModified\":\"2025-12-04T08:15:35+00:00\",\"description\":\"Descubre el Mercat del Ram de Vic: una fiesta agr\u00edcola con animales, actividades, deporte y gastronom\u00eda que llena la ciudad de ambiente durante la Semana Santa.\",\"breadcrumb\":{\"@id\":\"https:\/\/canpamplona.com\/mercat-del-ram-vic\/#breadcrumb\"},\"inLanguage\":\"fr-FR\",\"potentialAction\":[{\"@type\":\"ReadAction\",\"target\":[\"https:\/\/canpamplona.com\/mercat-del-ram-vic\/\"]}]},{\"@type\":\"ImageObject\",\"inLanguage\":\"fr-FR\",\"@id\":\"https:\/\/canpamplona.com\/mercat-del-ram-vic\/#primaryimage\",\"url\":\"https:\/\/canpamplona.com\/wp-content\/uploads\/2023\/07\/mercat_del_Ram_Vic_foto_Josep_M_Costa_2017-002.jpg\",\"contentUrl\":\"https:\/\/canpamplona.com\/wp-content\/uploads\/2023\/07\/mercat_del_Ram_Vic_foto_Josep_M_Costa_2017-002.jpg\",\"width\":1008,\"height\":706},{\"@type\":\"BreadcrumbList\",\"@id\":\"https:\/\/canpamplona.com\/mercat-del-ram-vic\/#breadcrumb\",\"itemListElement\":[{\"@type\":\"ListItem\",\"position\":1,\"name\":\"Portada\",\"item\":\"https:\/\/canpamplona.com\/\"},{\"@type\":\"ListItem\",\"position\":2,\"name\":\"Mercat del Ram de Vic\"}]},{\"@type\":\"WebSite\",\"@id\":\"\/#website\",\"url\":\"\/\",\"name\":\"Hotel Can Pamplona | Hotel En Vic | Web Oficial\",\"description\":\"Hotel Can Pamplona es un hotel en Vic B&amp;B. Un hotel urbano rehabilitado con un estilo moderno y al precio m\u00e1s econ\u00f3mico. Reserva aqu\u00ed.\",\"publisher\":{\"@id\":\"\/#organization\"},\"potentialAction\":[{\"@type\":\"SearchAction\",\"target\":{\"@type\":\"EntryPoint\",\"urlTemplate\":\"\/?s={search_term_string}\"},\"query-input\":{\"@type\":\"PropertyValueSpecification\",\"valueRequired\":true,\"valueName\":\"search_term_string\"}}],\"inLanguage\":\"fr-FR\"},{\"@type\":\"Organization\",\"@id\":\"\/#organization\",\"name\":\"Hotel Can Pamplona\",\"url\":\"\/\",\"logo\":{\"@type\":\"ImageObject\",\"inLanguage\":\"fr-FR\",\"@id\":\"\/#\/schema\/logo\/image\/\",\"url\":\"https:\/\/canpamplona.com\/wp-content\/uploads\/2025\/03\/LogoCanPamplonatopocolor-02.jpg\",\"contentUrl\":\"https:\/\/canpamplona.com\/wp-content\/uploads\/2025\/03\/LogoCanPamplonatopocolor-02.jpg\",\"width\":2480,\"height\":2480,\"caption\":\"Hotel Can Pamplona\"},\"image\":{\"@id\":\"\/#\/schema\/logo\/image\/\"},\"sameAs\":[\"https:\/\/www.facebook.com\/HotelCanPamplona\",\"https:\/\/www.instagram.com\/hotelcanpamplonavic\/\"]},{\"@type\":\"Person\",\"@id\":\"\/#\/schema\/person\/816857693f5cc947534e5efea06b46cf\",\"name\":\"LittHotels\",\"image\":{\"@type\":\"ImageObject\",\"inLanguage\":\"fr-FR\",\"@id\":\"\/#\/schema\/person\/image\/\",\"url\":\"https:\/\/canpamplona.com\/wp-content\/litespeed\/avatar\/f3cbe4ac27ac09ddf4fbb6c176eac63f.jpg?ver=1777295195\",\"contentUrl\":\"https:\/\/canpamplona.com\/wp-content\/litespeed\/avatar\/f3cbe4ac27ac09ddf4fbb6c176eac63f.jpg?ver=1777295195\",\"caption\":\"LittHotels\"}}]}<\/script>\n<!-- \/ Yoast SEO plugin. -->","yoast_head_json":{"title":"Mercat del Ram de Vic : tradition et vie agricole","description":"D\u00e9couvrez le Mercat del Ram de Vic : une f\u00eate agricole avec des animaux, des activit\u00e9s, des sports et de la gastronomie qui emplit la ville d&#039;une ambiance particuli\u00e8re pendant la Semaine sainte.","robots":{"index":"index","follow":"follow","max-snippet":"max-snippet:-1","max-image-preview":"max-image-preview:large","max-video-preview":"max-video-preview:-1"},"canonical":"https:\/\/canpamplona.com\/fr\/mercat-del-ram-vic\/","og_locale":"fr_FR","og_type":"article","og_title":"Mercat del Ram de Vic: tradici\u00f3n y vida agr\u00edcola","og_description":"Descubre el Mercat del Ram de Vic: una fiesta agr\u00edcola con animales, actividades, deporte y gastronom\u00eda que llena la ciudad de ambiente durante la Semana Santa.","og_url":"https:\/\/canpamplona.com\/fr\/mercat-del-ram-vic\/","og_site_name":"Hotel Can Pamplona | Hotel En Vic | Web Oficial","article_publisher":"https:\/\/www.facebook.com\/HotelCanPamplona","article_published_time":"2023-07-06T09:44:26+00:00","article_modified_time":"2025-12-04T08:15:35+00:00","og_image":[{"width":1008,"height":706,"url":"https:\/\/canpamplona.com\/wp-content\/uploads\/2023\/07\/mercat_del_Ram_Vic_foto_Josep_M_Costa_2017-002.jpg","type":"image\/jpeg"}],"author":"LittHotels","twitter_card":"summary_large_image","twitter_misc":{"\u00c9crit par":"LittHotels","Dur\u00e9e de lecture estim\u00e9e":"6 minutes"},"schema":{"@context":"https:\/\/schema.org","@graph":[{"@type":"Article","@id":"https:\/\/canpamplona.com\/mercat-del-ram-vic\/#article","isPartOf":{"@id":"https:\/\/canpamplona.com\/mercat-del-ram-vic\/"},"author":{"name":"LittHotels","@id":"\/#\/schema\/person\/816857693f5cc947534e5efea06b46cf"},"headline":"Mercat del Ram de Vic","datePublished":"2023-07-06T09:44:26+00:00","dateModified":"2025-12-04T08:15:35+00:00","mainEntityOfPage":{"@id":"https:\/\/canpamplona.com\/mercat-del-ram-vic\/"},"wordCount":858,"publisher":{"@id":"\/#organization"},"image":{"@id":"https:\/\/canpamplona.com\/mercat-del-ram-vic\/#primaryimage"},"thumbnailUrl":"https:\/\/canpamplona.com\/wp-content\/uploads\/2023\/07\/mercat_del_Ram_Vic_foto_Josep_M_Costa_2017-002.jpg","articleSection":["Ferias, Festivales y Mercados"],"inLanguage":"fr-FR"},{"@type":"WebPage","@id":"https:\/\/canpamplona.com\/mercat-del-ram-vic\/","url":"https:\/\/canpamplona.com\/mercat-del-ram-vic\/","name":"Mercat del Ram de Vic : tradition et vie agricole","isPartOf":{"@id":"\/#website"},"primaryImageOfPage":{"@id":"https:\/\/canpamplona.com\/mercat-del-ram-vic\/#primaryimage"},"image":{"@id":"https:\/\/canpamplona.com\/mercat-del-ram-vic\/#primaryimage"},"thumbnailUrl":"https:\/\/canpamplona.com\/wp-content\/uploads\/2023\/07\/mercat_del_Ram_Vic_foto_Josep_M_Costa_2017-002.jpg","datePublished":"2023-07-06T09:44:26+00:00","dateModified":"2025-12-04T08:15:35+00:00","description":"D\u00e9couvrez le Mercat del Ram de Vic : une f\u00eate agricole avec des animaux, des activit\u00e9s, des sports et de la gastronomie qui emplit la ville d&#039;une ambiance particuli\u00e8re pendant la Semaine sainte.","breadcrumb":{"@id":"https:\/\/canpamplona.com\/mercat-del-ram-vic\/#breadcrumb"},"inLanguage":"fr-FR","potentialAction":[{"@type":"ReadAction","target":["https:\/\/canpamplona.com\/mercat-del-ram-vic\/"]}]},{"@type":"ImageObject","inLanguage":"fr-FR","@id":"https:\/\/canpamplona.com\/mercat-del-ram-vic\/#primaryimage","url":"https:\/\/canpamplona.com\/wp-content\/uploads\/2023\/07\/mercat_del_Ram_Vic_foto_Josep_M_Costa_2017-002.jpg","contentUrl":"https:\/\/canpamplona.com\/wp-content\/uploads\/2023\/07\/mercat_del_Ram_Vic_foto_Josep_M_Costa_2017-002.jpg","width":1008,"height":706},{"@type":"BreadcrumbList","@id":"https:\/\/canpamplona.com\/mercat-del-ram-vic\/#breadcrumb","itemListElement":[{"@type":"ListItem","position":1,"name":"Portada","item":"https:\/\/canpamplona.com\/"},{"@type":"ListItem","position":2,"name":"Mercat del Ram de Vic"}]},{"@type":"WebSite","@id":"\/#website","url":"\/","name":"H\u00f4tel Can Pampelune | H\u00f4tel \u00e0 Vic | Site officiel","description":"Hotel Can Pamplona est un h\u00f4tel de Vic B&amp;B. Un h\u00f4tel urbain r\u00e9habilit\u00e9 avec un style moderne et au prix le plus \u00e9conomique. R\u00e9servez ici.","publisher":{"@id":"\/#organization"},"potentialAction":[{"@type":"SearchAction","target":{"@type":"EntryPoint","urlTemplate":"\/?s={search_term_string}"},"query-input":{"@type":"PropertyValueSpecification","valueRequired":true,"valueName":"search_term_string"}}],"inLanguage":"fr-FR"},{"@type":"Organization","@id":"\/#organization","name":"H\u00f4tel Can Pampelune","url":"\/","logo":{"@type":"ImageObject","inLanguage":"fr-FR","@id":"\/#\/schema\/logo\/image\/","url":"https:\/\/canpamplona.com\/wp-content\/uploads\/2025\/03\/LogoCanPamplonatopocolor-02.jpg","contentUrl":"https:\/\/canpamplona.com\/wp-content\/uploads\/2025\/03\/LogoCanPamplonatopocolor-02.jpg","width":2480,"height":2480,"caption":"Hotel Can Pamplona"},"image":{"@id":"\/#\/schema\/logo\/image\/"},"sameAs":["https:\/\/www.facebook.com\/HotelCanPamplona","https:\/\/www.instagram.com\/hotelcanpamplonavic\/"]},{"@type":"Person","@id":"\/#\/schema\/person\/816857693f5cc947534e5efea06b46cf","name":"LittH\u00f4tels","image":{"@type":"ImageObject","inLanguage":"fr-FR","@id":"\/#\/schema\/person\/image\/","url":"https:\/\/canpamplona.com\/wp-content\/litespeed\/avatar\/f3cbe4ac27ac09ddf4fbb6c176eac63f.jpg?ver=1777295195","contentUrl":"https:\/\/canpamplona.com\/wp-content\/litespeed\/avatar\/f3cbe4ac27ac09ddf4fbb6c176eac63f.jpg?ver=1777295195","caption":"LittHotels"}}]}},"_links":{"self":[{"href":"https:\/\/canpamplona.com\/fr\/wp-json\/wp\/v2\/posts\/3335","targetHints":{"allow":["GET"]}}],"collection":[{"href":"https:\/\/canpamplona.com\/fr\/wp-json\/wp\/v2\/posts"}],"about":[{"href":"https:\/\/canpamplona.com\/fr\/wp-json\/wp\/v2\/types\/post"}],"author":[{"embeddable":true,"href":"https:\/\/canpamplona.com\/fr\/wp-json\/wp\/v2\/users\/2"}],"replies":[{"embeddable":true,"href":"https:\/\/canpamplona.com\/fr\/wp-json\/wp\/v2\/comments?post=3335"}],"version-history":[{"count":52,"href":"https:\/\/canpamplona.com\/fr\/wp-json\/wp\/v2\/posts\/3335\/revisions"}],"predecessor-version":[{"id":3733,"href":"https:\/\/canpamplona.com\/fr\/wp-json\/wp\/v2\/posts\/3335\/revisions\/3733"}],"wp:featuredmedia":[{"embeddable":true,"href":"https:\/\/canpamplona.com\/fr\/wp-json\/wp\/v2\/media\/3702"}],"wp:attachment":[{"href":"https:\/\/canpamplona.com\/fr\/wp-json\/wp\/v2\/media?parent=3335"}],"wp:term":[{"taxonomy":"category","embeddable":true,"href":"https:\/\/canpamplona.com\/fr\/wp-json\/wp\/v2\/categories?post=3335"},{"taxonomy":"post_tag","embeddable":true,"href":"https:\/\/canpamplona.com\/fr\/wp-json\/wp\/v2\/tags?post=3335"}],"curies":[{"name":"wp","href":"https:\/\/api.w.org\/{rel}","templated":true}]}}