{"id":3603,"date":"2024-02-02T11:45:20","date_gmt":"2024-02-02T11:45:20","guid":{"rendered":"https:\/\/canpamplona.com\/?p=3603"},"modified":"2025-12-04T08:12:39","modified_gmt":"2025-12-04T08:12:39","slug":"apuntes-gastronomicos-y-la-feria-trufforum-de-vic","status":"publish","type":"post","link":"https:\/\/canpamplona.com\/fr\/apuntes-gastronomicos-y-la-feria-trufforum-de-vic\/","title":{"rendered":"Notes gastronomiques et foire \u00ab Trufforum \u00bb \u00e0 Vic"},"content":{"rendered":"<h1 class=\"wp-block-heading\">Notes gastronomiques et foire \u00ab Trufforum \u00bb \u00e0 Vic<\/h1>\n\n\n\n<p>Osona, avec Vic pour capitale, nous offre de nombreux restaurants, plus de cinq cents, o\u00f9 nous pouvons d\u00e9guster la cuisine locale de la r\u00e9gion. Dans leurs menus, nous pouvons voir d&#039;innombrables plats qui incluent de nombreux produits de la r\u00e9gion, de grande qualit\u00e9 et de saveur imbattable.<\/p>\n\n\n\n<p>La cuisine a toujours \u00e9t\u00e9 un point cl\u00e9 lorsqu&#039;on parle d&#039;Osona, c&#039;est pourquoi il existe un groupe d\u00e9di\u00e9 \u00e0 la promotion de la cuisine de la r\u00e9gion : \u00ab Osona Cuina \u00bb.<\/p>\n\n\n\n<p>La grande tradition culinaire est \u00e9galement assur\u00e9e gr\u00e2ce \u00e0 l&#039;\u00c9cole h\u00f4teli\u00e8re d&#039;Osona, \u00e0 Tona, o\u00f9 sont dispens\u00e9s des cours de cuisine en cycle moyen. Si vous \u00eates curieux de savoir comment les \u00e9tudiants cuisinent et comment ils se comportent, prenez note car ils ont un restaurant ouvert au public.<\/p>\n\n\n\n<figure class=\"wp-block-image aligncenter size-large is-resized\"><img loading=\"lazy\" decoding=\"async\" src=\"http:\/\/canpamplona.com\/wp-content\/uploads\/2024\/02\/plato_trufa_3-1024x576.jpg\" alt=\"\" class=\"wp-image-3604\" width=\"689\" height=\"387\" srcset=\"https:\/\/canpamplona.com\/wp-content\/uploads\/2024\/02\/plato_trufa_3-1024x576.jpg 1024w, https:\/\/canpamplona.com\/wp-content\/uploads\/2024\/02\/plato_trufa_3-300x169.jpg 300w, https:\/\/canpamplona.com\/wp-content\/uploads\/2024\/02\/plato_trufa_3-768x432.jpg 768w, https:\/\/canpamplona.com\/wp-content\/uploads\/2024\/02\/plato_trufa_3-1536x864.jpg 1536w, https:\/\/canpamplona.com\/wp-content\/uploads\/2024\/02\/plato_trufa_3-18x10.jpg 18w, https:\/\/canpamplona.com\/wp-content\/uploads\/2024\/02\/plato_trufa_3-600x338.jpg 600w, https:\/\/canpamplona.com\/wp-content\/uploads\/2024\/02\/plato_trufa_3.jpg 1920w\" sizes=\"auto, (max-width: 689px) 100vw, 689px\" \/><\/figure>\n\n\n\n<p>GASTRONOMIE ET CULTURE<\/p>\n\n\n\n<p>\u00ab Osona Cuina \u00bb organise des itin\u00e9raires qui allient culture et gastronomie, nous en recommandons quelques-uns, tels que : La route romane \u00e0 travers la ville de Vic, en plus d&#039;un itin\u00e9raire pour d\u00e9couvrir les joyaux de l&#039;art roman, l&#039;activit\u00e9 comprend le d\u00e9jeuner dans certains des principaux restaurants de la ville.<\/p>\n\n\n\n<figure class=\"wp-block-image aligncenter size-large is-resized\"><img loading=\"lazy\" decoding=\"async\" src=\"http:\/\/canpamplona.com\/wp-content\/uploads\/2024\/02\/Mercado-de-la-trufa_14-1024x683.jpg\" alt=\"\" class=\"wp-image-3605\" width=\"702\" height=\"468\" srcset=\"https:\/\/canpamplona.com\/wp-content\/uploads\/2024\/02\/Mercado-de-la-trufa_14-1024x683.jpg 1024w, https:\/\/canpamplona.com\/wp-content\/uploads\/2024\/02\/Mercado-de-la-trufa_14-300x200.jpg 300w, https:\/\/canpamplona.com\/wp-content\/uploads\/2024\/02\/Mercado-de-la-trufa_14-768x512.jpg 768w, https:\/\/canpamplona.com\/wp-content\/uploads\/2024\/02\/Mercado-de-la-trufa_14-1536x1024.jpg 1536w, https:\/\/canpamplona.com\/wp-content\/uploads\/2024\/02\/Mercado-de-la-trufa_14-18x12.jpg 18w, https:\/\/canpamplona.com\/wp-content\/uploads\/2024\/02\/Mercado-de-la-trufa_14-600x400.jpg 600w, https:\/\/canpamplona.com\/wp-content\/uploads\/2024\/02\/Mercado-de-la-trufa_14.jpg 1800w\" sizes=\"auto, (max-width: 702px) 100vw, 702px\" \/><\/figure>\n\n\n\n<h2 class=\"wp-block-heading\">QU&#039;EST-CE QUI D\u00c9FINIT LA CUISINE D&#039;OSONA ?<\/h2>\n\n\n\n<p>Quand on pense \u00e0 Vic et Osona en g\u00e9n\u00e9ral, on pense \u00e0 toute une d\u00e9licieuse vari\u00e9t\u00e9 de saucisses, \u00e9labor\u00e9es avec le plus grand soin et avec les meilleures mati\u00e8res premi\u00e8res. Le fuet accompagn\u00e9 de morcones, sobrasadas, chorizos, saucisses fra\u00eeches, truffes et une longue liste de d\u00e9licieuses propositions ne peuvent manquer dans votre liste de musts \u00e0 d\u00e9guster.<\/p>\n\n\n\n<p>Aujourd&#039;hui, la cuisine de la r\u00e9gion ne se caract\u00e9rise pas seulement par la production de charcuterie, mais elle est beaucoup plus riche et diversifi\u00e9e.<\/p>\n\n\n\n<p>On distingue les plats \u00e0 base de gibier et de porc, souvent accompagn\u00e9s de produits exquis typiques de cette terre, comme les truffes, les champignons, les pommes de terre du buffet et les haricots Collsacabra.<\/p>\n\n\n\n<h2 class=\"wp-block-heading\">FOIRE \u00ab TRUFFORUM \u00bb DE VIC \u2013 2024<\/h2>\n\n\n\n<p>D\u00e9couvrez le monde captivant de la truffe pendant le mois de f\u00e9vrier \u00e0 Vic, o\u00f9 se d\u00e9roulera du 1er au 4 f\u00e9vrier Trufforum, une initiative de coop\u00e9ration internationale soutenue par l&#039;Institut Mycologique Europ\u00e9en (EMI). Depuis sa cr\u00e9ation par les partenaires de l&#039;EMI en 2017, TRUFFORUM s&#039;est impos\u00e9 comme le principal forum de coop\u00e9ration internationale pour l&#039;\u00e9change de connaissances scientifiques, les rencontres sectorielles et la promotion de l&#039;utilisation responsable de la truffe.<\/p>\n\n\n\n<figure class=\"wp-block-image aligncenter size-large is-resized\"><img loading=\"lazy\" decoding=\"async\" src=\"http:\/\/canpamplona.com\/wp-content\/uploads\/2024\/02\/Campeonato-de-perros_20-1024x683.jpg\" alt=\"\" class=\"wp-image-3607\" width=\"681\" height=\"454\" srcset=\"https:\/\/canpamplona.com\/wp-content\/uploads\/2024\/02\/Campeonato-de-perros_20-1024x683.jpg 1024w, https:\/\/canpamplona.com\/wp-content\/uploads\/2024\/02\/Campeonato-de-perros_20-300x200.jpg 300w, https:\/\/canpamplona.com\/wp-content\/uploads\/2024\/02\/Campeonato-de-perros_20-768x512.jpg 768w, https:\/\/canpamplona.com\/wp-content\/uploads\/2024\/02\/Campeonato-de-perros_20-1536x1024.jpg 1536w, https:\/\/canpamplona.com\/wp-content\/uploads\/2024\/02\/Campeonato-de-perros_20-18x12.jpg 18w, https:\/\/canpamplona.com\/wp-content\/uploads\/2024\/02\/Campeonato-de-perros_20-600x400.jpg 600w, https:\/\/canpamplona.com\/wp-content\/uploads\/2024\/02\/Campeonato-de-perros_20.jpg 1800w\" sizes=\"auto, (max-width: 681px) 100vw, 681px\" \/><\/figure>\n\n\n\n<p>Cette c\u00e9l\u00e9bration annuelle a pour objectif principal de promouvoir l&#039;utilisation responsable de la truffe europ\u00e9enne dans les cuisines domestiques et professionnelles. Devenu une r\u00e9f\u00e9rence internationale pour les professionnels et les amateurs de truffe, Trufforum se pr\u00e9sente comme un rendez-vous annuel qui cherche \u00e0 diffuser au maximum les valeurs et la culture associ\u00e9es \u00e0 cette d\u00e9licieuse gourmandise.<\/p>\n\n\n\n<p>Ne manquez pas l&#039;occasion et rejoignez-nous pour explorer les merveilles souterraines et tout d\u00e9couvrir sur la truffe lors de cette rencontre unique. Bienvenue \u00e0 Trufforum ! D\u00e9couvrez les secrets les mieux gard\u00e9s de la truffe tout en participant \u00e0 des \u00e9v\u00e9nements et activit\u00e9s p\u00e9dagogiques passionnants.<\/p>\n\n\n\n<p><a href=\"\/fr\/%20trufforum.com\/vic\/\" target=\"_blank\" rel=\"noreferrer noopener\">photos : trufforum.com\/vic<\/a><\/p>","protected":false},"excerpt":{"rendered":"<p>Apuntes gastron\u00f3micos y la feria \u201cTrufforum\u201d de Vic Osona, con Vic como capital, pone a nuestro alcance much\u00edsimos restaurantes, m\u00e1s de quinientos, d\u00f3nde poder degustar la cocina aut\u00f3ctona de la zona. En sus cartas podremos ver infinidad de platos en la que se incluyen muchos productos propios de la regi\u00f3n, de gran calidad y sabor [&hellip;]<\/p>\n","protected":false},"author":2,"featured_media":3606,"comment_status":"closed","ping_status":"closed","sticky":false,"template":"","format":"standard","meta":{"site-sidebar-layout":"default","site-content-layout":"","ast-site-content-layout":"default","site-content-style":"default","site-sidebar-style":"default","ast-global-header-display":"","ast-banner-title-visibility":"","ast-main-header-display":"","ast-hfb-above-header-display":"","ast-hfb-below-header-display":"","ast-hfb-mobile-header-display":"","site-post-title":"disabled","ast-breadcrumbs-content":"","ast-featured-img":"disabled","footer-sml-layout":"","theme-transparent-header-meta":"","adv-header-id-meta":"","stick-header-meta":"","header-above-stick-meta":"","header-main-stick-meta":"","header-below-stick-meta":"","astra-migrate-meta-layouts":"set","ast-page-background-enabled":"default","ast-page-background-meta":{"desktop":{"background-color":"","background-image":"","background-repeat":"repeat","background-position":"center center","background-size":"auto","background-attachment":"scroll","background-type":"","background-media":"","overlay-type":"","overlay-color":"","overlay-gradient":""},"tablet":{"background-color":"","background-image":"","background-repeat":"repeat","background-position":"center center","background-size":"auto","background-attachment":"scroll","background-type":"","background-media":"","overlay-type":"","overlay-color":"","overlay-gradient":""},"mobile":{"background-color":"","background-image":"","background-repeat":"repeat","background-position":"center center","background-size":"auto","background-attachment":"scroll","background-type":"","background-media":"","overlay-type":"","overlay-color":"","overlay-gradient":""}},"ast-content-background-meta":{"desktop":{"background-color":"var(--ast-global-color-5)","background-image":"","background-repeat":"repeat","background-position":"center center","background-size":"auto","background-attachment":"scroll","background-type":"","background-media":"","overlay-type":"","overlay-color":"","overlay-gradient":""},"tablet":{"background-color":"var(--ast-global-color-5)","background-image":"","background-repeat":"repeat","background-position":"center center","background-size":"auto","background-attachment":"scroll","background-type":"","background-media":"","overlay-type":"","overlay-color":"","overlay-gradient":""},"mobile":{"background-color":"var(--ast-global-color-5)","background-image":"","background-repeat":"repeat","background-position":"center center","background-size":"auto","background-attachment":"scroll","background-type":"","background-media":"","overlay-type":"","overlay-color":"","overlay-gradient":""}},"footnotes":""},"categories":[46],"tags":[],"class_list":["post-3603","post","type-post","status-publish","format-standard","has-post-thumbnail","hentry","category-ferias-festivales-y-mercados"],"yoast_head":"<!-- This site is optimized with the Yoast SEO plugin v27.1.1 - https:\/\/yoast.com\/product\/yoast-seo-wordpress\/ -->\n<title>Trufforum Vic: feria gastron\u00f3mica de la trufa<\/title>\n<meta name=\"description\" content=\"Descubre Trufforum en Vic: una feria gastron\u00f3mica dedicada a la trufa, con talleres, degustaciones y actividades para disfrutar de la cocina local.\" \/>\n<meta name=\"robots\" content=\"index, follow, max-snippet:-1, max-image-preview:large, max-video-preview:-1\" \/>\n<link rel=\"canonical\" href=\"https:\/\/canpamplona.com\/fr\/apuntes-gastronomicos-y-la-feria-trufforum-de-vic\/\" \/>\n<meta property=\"og:locale\" content=\"fr_FR\" \/>\n<meta property=\"og:type\" content=\"article\" \/>\n<meta property=\"og:title\" content=\"Trufforum Vic: feria gastron\u00f3mica de la trufa\" \/>\n<meta property=\"og:description\" content=\"Descubre Trufforum en Vic: una feria gastron\u00f3mica dedicada a la trufa, con talleres, degustaciones y actividades para disfrutar de la cocina local.\" \/>\n<meta property=\"og:url\" content=\"https:\/\/canpamplona.com\/fr\/apuntes-gastronomicos-y-la-feria-trufforum-de-vic\/\" \/>\n<meta property=\"og:site_name\" content=\"Hotel Can Pamplona | Hotel En Vic | Web Oficial\" \/>\n<meta property=\"article:publisher\" content=\"https:\/\/www.facebook.com\/HotelCanPamplona\" \/>\n<meta property=\"article:published_time\" content=\"2024-02-02T11:45:20+00:00\" \/>\n<meta property=\"article:modified_time\" content=\"2025-12-04T08:12:39+00:00\" \/>\n<meta property=\"og:image\" content=\"https:\/\/canpamplona.com\/wp-content\/uploads\/2024\/02\/Mercado-de-la-trufa_05.jpg\" \/>\n\t<meta property=\"og:image:width\" content=\"1800\" \/>\n\t<meta property=\"og:image:height\" content=\"1200\" \/>\n\t<meta property=\"og:image:type\" content=\"image\/jpeg\" \/>\n<meta name=\"author\" content=\"LittHotels\" \/>\n<meta name=\"twitter:card\" content=\"summary_large_image\" \/>\n<meta name=\"twitter:label1\" content=\"\u00c9crit par\" \/>\n\t<meta name=\"twitter:data1\" content=\"LittHotels\" \/>\n\t<meta name=\"twitter:label2\" content=\"Dur\u00e9e de lecture estim\u00e9e\" \/>\n\t<meta name=\"twitter:data2\" content=\"4 minutes\" \/>\n<script type=\"application\/ld+json\" class=\"yoast-schema-graph\">{\"@context\":\"https:\/\/schema.org\",\"@graph\":[{\"@type\":\"Article\",\"@id\":\"https:\/\/canpamplona.com\/apuntes-gastronomicos-y-la-feria-trufforum-de-vic\/#article\",\"isPartOf\":{\"@id\":\"https:\/\/canpamplona.com\/apuntes-gastronomicos-y-la-feria-trufforum-de-vic\/\"},\"author\":{\"name\":\"LittHotels\",\"@id\":\"\/#\/schema\/person\/816857693f5cc947534e5efea06b46cf\"},\"headline\":\"Apuntes gastron\u00f3micos y la feria \u201cTrufforum\u201d de Vic\",\"datePublished\":\"2024-02-02T11:45:20+00:00\",\"dateModified\":\"2025-12-04T08:12:39+00:00\",\"mainEntityOfPage\":{\"@id\":\"https:\/\/canpamplona.com\/apuntes-gastronomicos-y-la-feria-trufforum-de-vic\/\"},\"wordCount\":536,\"publisher\":{\"@id\":\"\/#organization\"},\"image\":{\"@id\":\"https:\/\/canpamplona.com\/apuntes-gastronomicos-y-la-feria-trufforum-de-vic\/#primaryimage\"},\"thumbnailUrl\":\"https:\/\/canpamplona.com\/wp-content\/uploads\/2024\/02\/Mercado-de-la-trufa_05.jpg\",\"articleSection\":[\"Ferias, Festivales y Mercados\"],\"inLanguage\":\"fr-FR\"},{\"@type\":\"WebPage\",\"@id\":\"https:\/\/canpamplona.com\/apuntes-gastronomicos-y-la-feria-trufforum-de-vic\/\",\"url\":\"https:\/\/canpamplona.com\/apuntes-gastronomicos-y-la-feria-trufforum-de-vic\/\",\"name\":\"Trufforum Vic: feria gastron\u00f3mica de la trufa\",\"isPartOf\":{\"@id\":\"\/#website\"},\"primaryImageOfPage\":{\"@id\":\"https:\/\/canpamplona.com\/apuntes-gastronomicos-y-la-feria-trufforum-de-vic\/#primaryimage\"},\"image\":{\"@id\":\"https:\/\/canpamplona.com\/apuntes-gastronomicos-y-la-feria-trufforum-de-vic\/#primaryimage\"},\"thumbnailUrl\":\"https:\/\/canpamplona.com\/wp-content\/uploads\/2024\/02\/Mercado-de-la-trufa_05.jpg\",\"datePublished\":\"2024-02-02T11:45:20+00:00\",\"dateModified\":\"2025-12-04T08:12:39+00:00\",\"description\":\"Descubre Trufforum en Vic: una feria gastron\u00f3mica dedicada a la trufa, con talleres, degustaciones y actividades para disfrutar de la cocina local.\",\"breadcrumb\":{\"@id\":\"https:\/\/canpamplona.com\/apuntes-gastronomicos-y-la-feria-trufforum-de-vic\/#breadcrumb\"},\"inLanguage\":\"fr-FR\",\"potentialAction\":[{\"@type\":\"ReadAction\",\"target\":[\"https:\/\/canpamplona.com\/apuntes-gastronomicos-y-la-feria-trufforum-de-vic\/\"]}]},{\"@type\":\"ImageObject\",\"inLanguage\":\"fr-FR\",\"@id\":\"https:\/\/canpamplona.com\/apuntes-gastronomicos-y-la-feria-trufforum-de-vic\/#primaryimage\",\"url\":\"https:\/\/canpamplona.com\/wp-content\/uploads\/2024\/02\/Mercado-de-la-trufa_05.jpg\",\"contentUrl\":\"https:\/\/canpamplona.com\/wp-content\/uploads\/2024\/02\/Mercado-de-la-trufa_05.jpg\",\"width\":1800,\"height\":1200},{\"@type\":\"BreadcrumbList\",\"@id\":\"https:\/\/canpamplona.com\/apuntes-gastronomicos-y-la-feria-trufforum-de-vic\/#breadcrumb\",\"itemListElement\":[{\"@type\":\"ListItem\",\"position\":1,\"name\":\"Portada\",\"item\":\"https:\/\/canpamplona.com\/\"},{\"@type\":\"ListItem\",\"position\":2,\"name\":\"Apuntes gastron\u00f3micos y la feria \u201cTrufforum\u201d de Vic\"}]},{\"@type\":\"WebSite\",\"@id\":\"\/#website\",\"url\":\"\/\",\"name\":\"Hotel Can Pamplona | Hotel En Vic | Web Oficial\",\"description\":\"Hotel Can Pamplona es un hotel en Vic B&amp;B. Un hotel urbano rehabilitado con un estilo moderno y al precio m\u00e1s econ\u00f3mico. Reserva aqu\u00ed.\",\"publisher\":{\"@id\":\"\/#organization\"},\"potentialAction\":[{\"@type\":\"SearchAction\",\"target\":{\"@type\":\"EntryPoint\",\"urlTemplate\":\"\/?s={search_term_string}\"},\"query-input\":{\"@type\":\"PropertyValueSpecification\",\"valueRequired\":true,\"valueName\":\"search_term_string\"}}],\"inLanguage\":\"fr-FR\"},{\"@type\":\"Organization\",\"@id\":\"\/#organization\",\"name\":\"Hotel Can Pamplona\",\"url\":\"\/\",\"logo\":{\"@type\":\"ImageObject\",\"inLanguage\":\"fr-FR\",\"@id\":\"\/#\/schema\/logo\/image\/\",\"url\":\"https:\/\/canpamplona.com\/wp-content\/uploads\/2025\/03\/LogoCanPamplonatopocolor-02.jpg\",\"contentUrl\":\"https:\/\/canpamplona.com\/wp-content\/uploads\/2025\/03\/LogoCanPamplonatopocolor-02.jpg\",\"width\":2480,\"height\":2480,\"caption\":\"Hotel Can Pamplona\"},\"image\":{\"@id\":\"\/#\/schema\/logo\/image\/\"},\"sameAs\":[\"https:\/\/www.facebook.com\/HotelCanPamplona\",\"https:\/\/www.instagram.com\/hotelcanpamplonavic\/\"]},{\"@type\":\"Person\",\"@id\":\"\/#\/schema\/person\/816857693f5cc947534e5efea06b46cf\",\"name\":\"LittHotels\",\"image\":{\"@type\":\"ImageObject\",\"inLanguage\":\"fr-FR\",\"@id\":\"\/#\/schema\/person\/image\/\",\"url\":\"https:\/\/canpamplona.com\/wp-content\/litespeed\/avatar\/f3cbe4ac27ac09ddf4fbb6c176eac63f.jpg?ver=1777295195\",\"contentUrl\":\"https:\/\/canpamplona.com\/wp-content\/litespeed\/avatar\/f3cbe4ac27ac09ddf4fbb6c176eac63f.jpg?ver=1777295195\",\"caption\":\"LittHotels\"}}]}<\/script>\n<!-- \/ Yoast SEO plugin. -->","yoast_head_json":{"title":"Trufforum Vic : salon gastronomique de la truffe","description":"D\u00e9couvrez Trufforum \u00e0 Vic : un salon gastronomique d\u00e9di\u00e9 \u00e0 la truffe, avec des ateliers, des d\u00e9gustations et des activit\u00e9s pour savourer la cuisine locale.","robots":{"index":"index","follow":"follow","max-snippet":"max-snippet:-1","max-image-preview":"max-image-preview:large","max-video-preview":"max-video-preview:-1"},"canonical":"https:\/\/canpamplona.com\/fr\/apuntes-gastronomicos-y-la-feria-trufforum-de-vic\/","og_locale":"fr_FR","og_type":"article","og_title":"Trufforum Vic: feria gastron\u00f3mica de la trufa","og_description":"Descubre Trufforum en Vic: una feria gastron\u00f3mica dedicada a la trufa, con talleres, degustaciones y actividades para disfrutar de la cocina local.","og_url":"https:\/\/canpamplona.com\/fr\/apuntes-gastronomicos-y-la-feria-trufforum-de-vic\/","og_site_name":"Hotel Can Pamplona | Hotel En Vic | Web Oficial","article_publisher":"https:\/\/www.facebook.com\/HotelCanPamplona","article_published_time":"2024-02-02T11:45:20+00:00","article_modified_time":"2025-12-04T08:12:39+00:00","og_image":[{"width":1800,"height":1200,"url":"https:\/\/canpamplona.com\/wp-content\/uploads\/2024\/02\/Mercado-de-la-trufa_05.jpg","type":"image\/jpeg"}],"author":"LittHotels","twitter_card":"summary_large_image","twitter_misc":{"\u00c9crit par":"LittHotels","Dur\u00e9e de lecture estim\u00e9e":"4 minutes"},"schema":{"@context":"https:\/\/schema.org","@graph":[{"@type":"Article","@id":"https:\/\/canpamplona.com\/apuntes-gastronomicos-y-la-feria-trufforum-de-vic\/#article","isPartOf":{"@id":"https:\/\/canpamplona.com\/apuntes-gastronomicos-y-la-feria-trufforum-de-vic\/"},"author":{"name":"LittHotels","@id":"\/#\/schema\/person\/816857693f5cc947534e5efea06b46cf"},"headline":"Apuntes gastron\u00f3micos y la feria \u201cTrufforum\u201d de Vic","datePublished":"2024-02-02T11:45:20+00:00","dateModified":"2025-12-04T08:12:39+00:00","mainEntityOfPage":{"@id":"https:\/\/canpamplona.com\/apuntes-gastronomicos-y-la-feria-trufforum-de-vic\/"},"wordCount":536,"publisher":{"@id":"\/#organization"},"image":{"@id":"https:\/\/canpamplona.com\/apuntes-gastronomicos-y-la-feria-trufforum-de-vic\/#primaryimage"},"thumbnailUrl":"https:\/\/canpamplona.com\/wp-content\/uploads\/2024\/02\/Mercado-de-la-trufa_05.jpg","articleSection":["Ferias, Festivales y Mercados"],"inLanguage":"fr-FR"},{"@type":"WebPage","@id":"https:\/\/canpamplona.com\/apuntes-gastronomicos-y-la-feria-trufforum-de-vic\/","url":"https:\/\/canpamplona.com\/apuntes-gastronomicos-y-la-feria-trufforum-de-vic\/","name":"Trufforum Vic : salon gastronomique de la truffe","isPartOf":{"@id":"\/#website"},"primaryImageOfPage":{"@id":"https:\/\/canpamplona.com\/apuntes-gastronomicos-y-la-feria-trufforum-de-vic\/#primaryimage"},"image":{"@id":"https:\/\/canpamplona.com\/apuntes-gastronomicos-y-la-feria-trufforum-de-vic\/#primaryimage"},"thumbnailUrl":"https:\/\/canpamplona.com\/wp-content\/uploads\/2024\/02\/Mercado-de-la-trufa_05.jpg","datePublished":"2024-02-02T11:45:20+00:00","dateModified":"2025-12-04T08:12:39+00:00","description":"D\u00e9couvrez Trufforum \u00e0 Vic : un salon gastronomique d\u00e9di\u00e9 \u00e0 la truffe, avec des ateliers, des d\u00e9gustations et des activit\u00e9s pour savourer la cuisine locale.","breadcrumb":{"@id":"https:\/\/canpamplona.com\/apuntes-gastronomicos-y-la-feria-trufforum-de-vic\/#breadcrumb"},"inLanguage":"fr-FR","potentialAction":[{"@type":"ReadAction","target":["https:\/\/canpamplona.com\/apuntes-gastronomicos-y-la-feria-trufforum-de-vic\/"]}]},{"@type":"ImageObject","inLanguage":"fr-FR","@id":"https:\/\/canpamplona.com\/apuntes-gastronomicos-y-la-feria-trufforum-de-vic\/#primaryimage","url":"https:\/\/canpamplona.com\/wp-content\/uploads\/2024\/02\/Mercado-de-la-trufa_05.jpg","contentUrl":"https:\/\/canpamplona.com\/wp-content\/uploads\/2024\/02\/Mercado-de-la-trufa_05.jpg","width":1800,"height":1200},{"@type":"BreadcrumbList","@id":"https:\/\/canpamplona.com\/apuntes-gastronomicos-y-la-feria-trufforum-de-vic\/#breadcrumb","itemListElement":[{"@type":"ListItem","position":1,"name":"Portada","item":"https:\/\/canpamplona.com\/"},{"@type":"ListItem","position":2,"name":"Apuntes gastron\u00f3micos y la feria \u201cTrufforum\u201d de Vic"}]},{"@type":"WebSite","@id":"\/#website","url":"\/","name":"H\u00f4tel Can Pampelune | H\u00f4tel \u00e0 Vic | Site officiel","description":"Hotel Can Pamplona est un h\u00f4tel de Vic B&amp;B. Un h\u00f4tel urbain r\u00e9habilit\u00e9 avec un style moderne et au prix le plus \u00e9conomique. R\u00e9servez ici.","publisher":{"@id":"\/#organization"},"potentialAction":[{"@type":"SearchAction","target":{"@type":"EntryPoint","urlTemplate":"\/?s={search_term_string}"},"query-input":{"@type":"PropertyValueSpecification","valueRequired":true,"valueName":"search_term_string"}}],"inLanguage":"fr-FR"},{"@type":"Organization","@id":"\/#organization","name":"H\u00f4tel Can Pampelune","url":"\/","logo":{"@type":"ImageObject","inLanguage":"fr-FR","@id":"\/#\/schema\/logo\/image\/","url":"https:\/\/canpamplona.com\/wp-content\/uploads\/2025\/03\/LogoCanPamplonatopocolor-02.jpg","contentUrl":"https:\/\/canpamplona.com\/wp-content\/uploads\/2025\/03\/LogoCanPamplonatopocolor-02.jpg","width":2480,"height":2480,"caption":"Hotel Can Pamplona"},"image":{"@id":"\/#\/schema\/logo\/image\/"},"sameAs":["https:\/\/www.facebook.com\/HotelCanPamplona","https:\/\/www.instagram.com\/hotelcanpamplonavic\/"]},{"@type":"Person","@id":"\/#\/schema\/person\/816857693f5cc947534e5efea06b46cf","name":"LittH\u00f4tels","image":{"@type":"ImageObject","inLanguage":"fr-FR","@id":"\/#\/schema\/person\/image\/","url":"https:\/\/canpamplona.com\/wp-content\/litespeed\/avatar\/f3cbe4ac27ac09ddf4fbb6c176eac63f.jpg?ver=1777295195","contentUrl":"https:\/\/canpamplona.com\/wp-content\/litespeed\/avatar\/f3cbe4ac27ac09ddf4fbb6c176eac63f.jpg?ver=1777295195","caption":"LittHotels"}}]}},"_links":{"self":[{"href":"https:\/\/canpamplona.com\/fr\/wp-json\/wp\/v2\/posts\/3603","targetHints":{"allow":["GET"]}}],"collection":[{"href":"https:\/\/canpamplona.com\/fr\/wp-json\/wp\/v2\/posts"}],"about":[{"href":"https:\/\/canpamplona.com\/fr\/wp-json\/wp\/v2\/types\/post"}],"author":[{"embeddable":true,"href":"https:\/\/canpamplona.com\/fr\/wp-json\/wp\/v2\/users\/2"}],"replies":[{"embeddable":true,"href":"https:\/\/canpamplona.com\/fr\/wp-json\/wp\/v2\/comments?post=3603"}],"version-history":[{"count":4,"href":"https:\/\/canpamplona.com\/fr\/wp-json\/wp\/v2\/posts\/3603\/revisions"}],"predecessor-version":[{"id":4104,"href":"https:\/\/canpamplona.com\/fr\/wp-json\/wp\/v2\/posts\/3603\/revisions\/4104"}],"wp:featuredmedia":[{"embeddable":true,"href":"https:\/\/canpamplona.com\/fr\/wp-json\/wp\/v2\/media\/3606"}],"wp:attachment":[{"href":"https:\/\/canpamplona.com\/fr\/wp-json\/wp\/v2\/media?parent=3603"}],"wp:term":[{"taxonomy":"category","embeddable":true,"href":"https:\/\/canpamplona.com\/fr\/wp-json\/wp\/v2\/categories?post=3603"},{"taxonomy":"post_tag","embeddable":true,"href":"https:\/\/canpamplona.com\/fr\/wp-json\/wp\/v2\/tags?post=3603"}],"curies":[{"name":"wp","href":"https:\/\/api.w.org\/{rel}","templated":true}]}}